
{"id":119906,"date":"2024-12-10T07:37:16","date_gmt":"2024-12-10T10:37:16","guid":{"rendered":"https:\/\/www.sudoestehoje.com.br\/novoportal\/?p=119906"},"modified":"2024-12-10T07:37:16","modified_gmt":"2024-12-10T10:37:16","slug":"urgente-lula-tem-hemorragia-na-cabeca-e-passa-por-cirurgia-de-emergencia-em-sao-paulo","status":"publish","type":"post","link":"https:\/\/www.sudoestehoje.com.br\/novoportal\/2024\/12\/10\/urgente-lula-tem-hemorragia-na-cabeca-e-passa-por-cirurgia-de-emergencia-em-sao-paulo\/","title":{"rendered":"URGENTE! LULA TEM HEMORRAGIA NA CABE\u00c7A E PASSA POR CIRURGIA DE EMERG\u00caNCIA EM S\u00c3O PAULO"},"content":{"rendered":"<p><img loading=\"lazy\" decoding=\"async\" class=\"alignnone  wp-image-119907\" src=\"https:\/\/www.sudoestehoje.com.br\/novoportal\/wp-content\/uploads\/2024\/12\/5057222_55fde9af8923ad9.jpg\" alt=\"\" width=\"551\" height=\"367\" \/><\/p>\n<p><strong>O presidente\u00a0Luiz In\u00e1cio Lula da Silva foi internado e fez uma cirurgia de emerg\u00eancia, na noite dessa segunda-feira (9), ap\u00f3s sentir fortes dores de cabe\u00e7a.<\/strong><\/p>\n<p><strong>Ele foi levado \u00e0s pressas para o hospital em Bras\u00edlia, onde fez resson\u00e2ncia que mostrou uma hemorragia intracraniana decorrente da\u00a0queda que levou\u00a0no dia 19\/10.<\/strong><\/p>\n<p><strong>O presidente foi transferido para S\u00e3o Paulo e operado de emerg\u00eancia para drenar a hemorragia.<\/strong><\/p>\n<p><strong>De acordo com boletim m\u00e9dico do\u00a0Hospital S\u00edrio-Liban\u00eas, em S\u00e3o Paulo, o presidente est\u00e1 internado na UTI e \u201cencontra-se bem\u201d.<\/strong><\/p>\n<p><strong>A cirurgia, informou o hospital, ocorreu sem intercorr\u00eancias. Boletim m\u00e9dico do presidente Lula informa que ele est\u00e1 na UTI, mas passa bem.\/\/ Metr\u00f3poles<\/strong><\/p>\n","protected":false},"excerpt":{"rendered":"<p>O presidente\u00a0Luiz In\u00e1cio Lula da Silva foi internado e fez uma cirurgia de emerg\u00eancia, na noite dessa segunda-feira (9), ap\u00f3s sentir fortes dores de cabe\u00e7a. Ele foi levado \u00e0s pressas para o hospital em Bras\u00edlia, onde fez resson\u00e2ncia que mostrou uma hemorragia intracraniana decorrente da\u00a0queda que levou\u00a0no dia 19\/10. O presidente foi transferido para S\u00e3o [&hellip;]<\/p>\n","protected":false},"author":2,"featured_media":119907,"comment_status":"closed","ping_status":"open","sticky":false,"template":"","format":"standard","meta":{"footnotes":"","_links_to":"","_links_to_target":""},"categories":[1],"tags":[],"class_list":["post-119906","post","type-post","status-publish","format-standard","has-post-thumbnail","hentry","category-geral"],"views":747,"_links":{"self":[{"href":"https:\/\/www.sudoestehoje.com.br\/novoportal\/wp-json\/wp\/v2\/posts\/119906","targetHints":{"allow":["GET"]}}],"collection":[{"href":"https:\/\/www.sudoestehoje.com.br\/novoportal\/wp-json\/wp\/v2\/posts"}],"about":[{"href":"https:\/\/www.sudoestehoje.com.br\/novoportal\/wp-json\/wp\/v2\/types\/post"}],"author":[{"embeddable":true,"href":"https:\/\/www.sudoestehoje.com.br\/novoportal\/wp-json\/wp\/v2\/users\/2"}],"replies":[{"embeddable":true,"href":"https:\/\/www.sudoestehoje.com.br\/novoportal\/wp-json\/wp\/v2\/comments?post=119906"}],"version-history":[{"count":2,"href":"https:\/\/www.sudoestehoje.com.br\/novoportal\/wp-json\/wp\/v2\/posts\/119906\/revisions"}],"predecessor-version":[{"id":119909,"href":"https:\/\/www.sudoestehoje.com.br\/novoportal\/wp-json\/wp\/v2\/posts\/119906\/revisions\/119909"}],"wp:featuredmedia":[{"embeddable":true,"href":"https:\/\/www.sudoestehoje.com.br\/novoportal\/wp-json\/wp\/v2\/media\/119907"}],"wp:attachment":[{"href":"https:\/\/www.sudoestehoje.com.br\/novoportal\/wp-json\/wp\/v2\/media?parent=119906"}],"wp:term":[{"taxonomy":"category","embeddable":true,"href":"https:\/\/www.sudoestehoje.com.br\/novoportal\/wp-json\/wp\/v2\/categories?post=119906"},{"taxonomy":"post_tag","embeddable":true,"href":"https:\/\/www.sudoestehoje.com.br\/novoportal\/wp-json\/wp\/v2\/tags?post=119906"}],"curies":[{"name":"wp","href":"https:\/\/api.w.org\/{rel}","templated":true}]}}