
{"id":119898,"date":"2024-12-09T12:02:13","date_gmt":"2024-12-09T15:02:13","guid":{"rendered":"https:\/\/www.sudoestehoje.com.br\/novoportal\/?p=119898"},"modified":"2024-12-09T12:05:55","modified_gmt":"2024-12-09T15:05:55","slug":"itapetinga-eduardo-hagge-alecio-e-vereadores-eleitos-sao-diplomados-pela-justica-eleitoral","status":"publish","type":"post","link":"https:\/\/www.sudoestehoje.com.br\/novoportal\/2024\/12\/09\/itapetinga-eduardo-hagge-alecio-e-vereadores-eleitos-sao-diplomados-pela-justica-eleitoral\/","title":{"rendered":"ITAPETINGA | EDUARDO HAGGE, ALECIO E VEREADORES ELEITOS S\u00c3O DIPLOMADOS PELA JUSTI\u00c7A ELEITORAL"},"content":{"rendered":"<p><img loading=\"lazy\" decoding=\"async\" class=\"alignnone wp-image-119901\" src=\"https:\/\/www.sudoestehoje.com.br\/novoportal\/wp-content\/uploads\/2024\/12\/Imagem-do-WhatsApp-de-2024-12-09-as-11.47.58_3ee5222c.jpg\" alt=\"\" width=\"550\" height=\"310\" \/><\/p>\n<p><strong>Aconteceu, na manh\u00e3 desta segunda-feira (9), a cerim\u00f4nia de diploma\u00e7\u00e3o dos candidatos eleitos em Itapetinga, pela Justi\u00e7a Eleitoral, no plen\u00e1rio lotado da C\u00e2mara Municipal.<\/strong><\/p>\n<p><strong>A cerim\u00f4nia foi comandada pela ju\u00edza eleitoral da 140\u00aa Zona Eleitoral, com a participa\u00e7\u00e3o do Minist\u00e9rio P\u00fablico Eleitoral, prefeito municipal Rodrigo Hagge, comando local da PM, al\u00e9m da presen\u00e7a do deputado Pedro Tavares e outras autoridades.<\/strong><\/p>\n<p><img loading=\"lazy\" decoding=\"async\" class=\"alignnone  wp-image-119902\" src=\"https:\/\/www.sudoestehoje.com.br\/novoportal\/wp-content\/uploads\/2024\/12\/Imagem-do-WhatsApp-de-2024-12-09-as-11.47.59_c248b1be.jpg\" alt=\"\" width=\"549\" height=\"309\" \/><\/p>\n<p><strong>Al\u00e9m do prefeito eleito Eduardo Hagge e Alecio Chaves, foram tamb\u00e9m diplomados os 15 vereadores eleitos para o pr\u00f3ximo quadri\u00eanio (2024\/2028), e seus suplentes.<\/strong><\/p>\n<p><strong>Eduardo Hagge discursou no final da cerim\u00f4nia, ratificando os compromissos assumidos na campanha, com destaque para a sa\u00fade, gera\u00e7\u00e3o de empregos, educa\u00e7\u00e3o, cultura e moradia para a popula\u00e7\u00e3o mais carente do munic\u00edpio.\u00a0\u00a0<\/strong><\/p>\n<p><img loading=\"lazy\" decoding=\"async\" class=\"alignnone  wp-image-119903\" src=\"https:\/\/www.sudoestehoje.com.br\/novoportal\/wp-content\/uploads\/2024\/12\/Imagem-do-WhatsApp-de-2024-12-09-as-11.48.59_4277789d.jpg\" alt=\"\" width=\"550\" height=\"310\" \/><\/p>\n<p><strong>A luta pela afirma\u00e7\u00e3o do munic\u00edpio como polo regional, tamb\u00e9m foi destaque no discurso do prefeito eleito e diplomado, que assumir\u00e1 a gest\u00e3o do munic\u00edpio em 1\u00ba de janeiro.<\/strong><\/p>\n<p><strong>Por Davi Ferraz<\/strong><\/p>\n","protected":false},"excerpt":{"rendered":"<p>Aconteceu, na manh\u00e3 desta segunda-feira (9), a cerim\u00f4nia de diploma\u00e7\u00e3o dos candidatos eleitos em Itapetinga, pela Justi\u00e7a Eleitoral, no plen\u00e1rio lotado da C\u00e2mara Municipal. A cerim\u00f4nia foi comandada pela ju\u00edza eleitoral da 140\u00aa Zona Eleitoral, com a participa\u00e7\u00e3o do Minist\u00e9rio P\u00fablico Eleitoral, prefeito municipal Rodrigo Hagge, comando local da PM, al\u00e9m da presen\u00e7a do deputado [&hellip;]<\/p>\n","protected":false},"author":2,"featured_media":119901,"comment_status":"closed","ping_status":"open","sticky":false,"template":"","format":"standard","meta":{"footnotes":"","_links_to":"","_links_to_target":""},"categories":[1],"tags":[],"class_list":["post-119898","post","type-post","status-publish","format-standard","has-post-thumbnail","hentry","category-geral"],"views":757,"_links":{"self":[{"href":"https:\/\/www.sudoestehoje.com.br\/novoportal\/wp-json\/wp\/v2\/posts\/119898","targetHints":{"allow":["GET"]}}],"collection":[{"href":"https:\/\/www.sudoestehoje.com.br\/novoportal\/wp-json\/wp\/v2\/posts"}],"about":[{"href":"https:\/\/www.sudoestehoje.com.br\/novoportal\/wp-json\/wp\/v2\/types\/post"}],"author":[{"embeddable":true,"href":"https:\/\/www.sudoestehoje.com.br\/novoportal\/wp-json\/wp\/v2\/users\/2"}],"replies":[{"embeddable":true,"href":"https:\/\/www.sudoestehoje.com.br\/novoportal\/wp-json\/wp\/v2\/comments?post=119898"}],"version-history":[{"count":2,"href":"https:\/\/www.sudoestehoje.com.br\/novoportal\/wp-json\/wp\/v2\/posts\/119898\/revisions"}],"predecessor-version":[{"id":119905,"href":"https:\/\/www.sudoestehoje.com.br\/novoportal\/wp-json\/wp\/v2\/posts\/119898\/revisions\/119905"}],"wp:featuredmedia":[{"embeddable":true,"href":"https:\/\/www.sudoestehoje.com.br\/novoportal\/wp-json\/wp\/v2\/media\/119901"}],"wp:attachment":[{"href":"https:\/\/www.sudoestehoje.com.br\/novoportal\/wp-json\/wp\/v2\/media?parent=119898"}],"wp:term":[{"taxonomy":"category","embeddable":true,"href":"https:\/\/www.sudoestehoje.com.br\/novoportal\/wp-json\/wp\/v2\/categories?post=119898"},{"taxonomy":"post_tag","embeddable":true,"href":"https:\/\/www.sudoestehoje.com.br\/novoportal\/wp-json\/wp\/v2\/tags?post=119898"}],"curies":[{"name":"wp","href":"https:\/\/api.w.org\/{rel}","templated":true}]}}