
{"id":119877,"date":"2024-12-03T19:29:49","date_gmt":"2024-12-03T22:29:49","guid":{"rendered":"https:\/\/www.sudoestehoje.com.br\/novoportal\/?p=119877"},"modified":"2024-12-03T19:29:49","modified_gmt":"2024-12-03T22:29:49","slug":"com-certeza-sera-governador-da-bahia-diz-adolfo-menezes-sobre-acm-neto","status":"publish","type":"post","link":"https:\/\/www.sudoestehoje.com.br\/novoportal\/2024\/12\/03\/com-certeza-sera-governador-da-bahia-diz-adolfo-menezes-sobre-acm-neto\/","title":{"rendered":"&#8220;COM CERTEZA SER\u00c1 GOVERNADOR DA BAHIA&#8221;, DIZ ADOLFO MENEZES SOBRE ACM NETO"},"content":{"rendered":"<p><img loading=\"lazy\" decoding=\"async\" class=\"alignnone  wp-image-119879\" src=\"https:\/\/www.sudoestehoje.com.br\/novoportal\/wp-content\/uploads\/2024\/12\/Foto-Se-Ligue-Bahia-1-450x300-1.jpg\" alt=\"\" width=\"551\" height=\"367\" \/><\/p>\n<p><strong>O presidente da Assembleia Legislativa da Bahia (AL-BA), Adolfo Menezes (PSD), destacou a lideran\u00e7a do ex-prefeito de Salvador, ACM Neto (UB), como a principal for\u00e7a da oposi\u00e7\u00e3o no estado. <\/strong><\/p>\n<p><strong>Em declara\u00e7\u00e3o recente, Menezes afirmou que v\u00ea Neto como futuro governador da Bahia, embora tenha brincado, dizendo: \u201cS\u00f3 n\u00e3o sei quando\u201d.<\/strong><\/p>\n<p><strong>ACM Neto, atual vice-presidente do Uni\u00e3o Brasil a n\u00edvel nacional, j\u00e1 foi candidato nas \u00faltimas elei\u00e7\u00f5es e segue com uma forte base de apoio no estado. Sua lideran\u00e7a na oposi\u00e7\u00e3o \u00e9 um dos principais focos da pol\u00edtica baiana no momento, com diversos rumores sobre suas inten\u00e7\u00f5es pol\u00edticas para o futuro.<\/strong><\/p>\n","protected":false},"excerpt":{"rendered":"<p>O presidente da Assembleia Legislativa da Bahia (AL-BA), Adolfo Menezes (PSD), destacou a lideran\u00e7a do ex-prefeito de Salvador, ACM Neto (UB), como a principal for\u00e7a da oposi\u00e7\u00e3o no estado. Em declara\u00e7\u00e3o recente, Menezes afirmou que v\u00ea Neto como futuro governador da Bahia, embora tenha brincado, dizendo: \u201cS\u00f3 n\u00e3o sei quando\u201d. ACM Neto, atual vice-presidente do [&hellip;]<\/p>\n","protected":false},"author":2,"featured_media":119879,"comment_status":"closed","ping_status":"open","sticky":false,"template":"","format":"standard","meta":{"footnotes":"","_links_to":"","_links_to_target":""},"categories":[1],"tags":[],"class_list":["post-119877","post","type-post","status-publish","format-standard","has-post-thumbnail","hentry","category-geral"],"views":735,"_links":{"self":[{"href":"https:\/\/www.sudoestehoje.com.br\/novoportal\/wp-json\/wp\/v2\/posts\/119877","targetHints":{"allow":["GET"]}}],"collection":[{"href":"https:\/\/www.sudoestehoje.com.br\/novoportal\/wp-json\/wp\/v2\/posts"}],"about":[{"href":"https:\/\/www.sudoestehoje.com.br\/novoportal\/wp-json\/wp\/v2\/types\/post"}],"author":[{"embeddable":true,"href":"https:\/\/www.sudoestehoje.com.br\/novoportal\/wp-json\/wp\/v2\/users\/2"}],"replies":[{"embeddable":true,"href":"https:\/\/www.sudoestehoje.com.br\/novoportal\/wp-json\/wp\/v2\/comments?post=119877"}],"version-history":[{"count":2,"href":"https:\/\/www.sudoestehoje.com.br\/novoportal\/wp-json\/wp\/v2\/posts\/119877\/revisions"}],"predecessor-version":[{"id":119880,"href":"https:\/\/www.sudoestehoje.com.br\/novoportal\/wp-json\/wp\/v2\/posts\/119877\/revisions\/119880"}],"wp:featuredmedia":[{"embeddable":true,"href":"https:\/\/www.sudoestehoje.com.br\/novoportal\/wp-json\/wp\/v2\/media\/119879"}],"wp:attachment":[{"href":"https:\/\/www.sudoestehoje.com.br\/novoportal\/wp-json\/wp\/v2\/media?parent=119877"}],"wp:term":[{"taxonomy":"category","embeddable":true,"href":"https:\/\/www.sudoestehoje.com.br\/novoportal\/wp-json\/wp\/v2\/categories?post=119877"},{"taxonomy":"post_tag","embeddable":true,"href":"https:\/\/www.sudoestehoje.com.br\/novoportal\/wp-json\/wp\/v2\/tags?post=119877"}],"curies":[{"name":"wp","href":"https:\/\/api.w.org\/{rel}","templated":true}]}}