
{"id":119872,"date":"2024-12-03T19:21:35","date_gmt":"2024-12-03T22:21:35","guid":{"rendered":"https:\/\/www.sudoestehoje.com.br\/novoportal\/?p=119872"},"modified":"2024-12-03T19:21:35","modified_gmt":"2024-12-03T22:21:35","slug":"alba-com-medo-deputados-se-recusam-a-julgar-colega-acusado-de-chefiar-milicia","status":"publish","type":"post","link":"https:\/\/www.sudoestehoje.com.br\/novoportal\/2024\/12\/03\/alba-com-medo-deputados-se-recusam-a-julgar-colega-acusado-de-chefiar-milicia\/","title":{"rendered":"ALBA | COM MEDO, DEPUTADOS SE RECUSAM A JULGAR COLEGA ACUSADO DE CHEFIAR MIL\u00cdCIA"},"content":{"rendered":"<p><img loading=\"lazy\" decoding=\"async\" class=\"alignnone  wp-image-119875\" src=\"https:\/\/www.sudoestehoje.com.br\/novoportal\/wp-content\/uploads\/2024\/12\/Deputado-estadual-Binho-Galinha-e-o-governador-Jeronimo-Rodrigues.jpeg\" alt=\"\" width=\"549\" height=\"369\" \/><\/p>\n<p><strong>O presidente da Assembleia Legislativa da Bahia (AL-BA), Adolfo Menezes, afirmou que os deputados est\u00e3o sendo \u201cref\u00e9ns\u201d do deputado Binho Galinha (PRD), acusado de chefiar uma mil\u00edcia em Feira de Santana. Segundo Menezes, a an\u00e1lise do caso n\u00e3o tem avan\u00e7ado, especialmente na comiss\u00e3o de \u00e9tica, devido ao medo de repres\u00e1lias. Ele reiterou que os parlamentares t\u00eam receio de seguir com as investiga\u00e7\u00f5es contra o colega, devido \u00e0 gravidade da situa\u00e7\u00e3o.<\/strong><\/p>\n<p><strong>De acordo com ele, os deputados est\u00e3o apreensivos, com alguns afirmando que se ju\u00edzas j\u00e1 se recusaram a julgar o caso, como poderiam os parlamentares agir de forma diferente?<\/strong><\/p>\n<p><strong>Binho Galinha \u00e9 investigado na Opera\u00e7\u00e3o El Patr\u00f3n, que apura um esquema de mil\u00edcia com atua\u00e7\u00e3o na regi\u00e3o de Feira de Santana. A opera\u00e7\u00e3o envolve lavagem de dinheiro proveniente de atividades ilegais, como jogo do bicho, agiotagem, extors\u00e3o e recepta\u00e7\u00e3o qualificada. Na \u00faltima segunda-feira (02), a Pol\u00edcia Federal prendeu um homem foragido, apontado como bra\u00e7o direito de Binho Galinha.<\/strong><\/p>\n<p><strong>Na semana passada, um advogado que representava um policial militar detido tamb\u00e9m foi alvo de pris\u00e3o, sendo suspeito de tentar destruir provas relacionadas \u00e0 organiza\u00e7\u00e3o criminosa.<\/strong><\/p>\n","protected":false},"excerpt":{"rendered":"<p>O presidente da Assembleia Legislativa da Bahia (AL-BA), Adolfo Menezes, afirmou que os deputados est\u00e3o sendo \u201cref\u00e9ns\u201d do deputado Binho Galinha (PRD), acusado de chefiar uma mil\u00edcia em Feira de Santana. Segundo Menezes, a an\u00e1lise do caso n\u00e3o tem avan\u00e7ado, especialmente na comiss\u00e3o de \u00e9tica, devido ao medo de repres\u00e1lias. Ele reiterou que os parlamentares [&hellip;]<\/p>\n","protected":false},"author":2,"featured_media":119875,"comment_status":"closed","ping_status":"open","sticky":false,"template":"","format":"standard","meta":{"footnotes":"","_links_to":"","_links_to_target":""},"categories":[1],"tags":[],"class_list":["post-119872","post","type-post","status-publish","format-standard","has-post-thumbnail","hentry","category-geral"],"views":795,"_links":{"self":[{"href":"https:\/\/www.sudoestehoje.com.br\/novoportal\/wp-json\/wp\/v2\/posts\/119872","targetHints":{"allow":["GET"]}}],"collection":[{"href":"https:\/\/www.sudoestehoje.com.br\/novoportal\/wp-json\/wp\/v2\/posts"}],"about":[{"href":"https:\/\/www.sudoestehoje.com.br\/novoportal\/wp-json\/wp\/v2\/types\/post"}],"author":[{"embeddable":true,"href":"https:\/\/www.sudoestehoje.com.br\/novoportal\/wp-json\/wp\/v2\/users\/2"}],"replies":[{"embeddable":true,"href":"https:\/\/www.sudoestehoje.com.br\/novoportal\/wp-json\/wp\/v2\/comments?post=119872"}],"version-history":[{"count":3,"href":"https:\/\/www.sudoestehoje.com.br\/novoportal\/wp-json\/wp\/v2\/posts\/119872\/revisions"}],"predecessor-version":[{"id":119876,"href":"https:\/\/www.sudoestehoje.com.br\/novoportal\/wp-json\/wp\/v2\/posts\/119872\/revisions\/119876"}],"wp:featuredmedia":[{"embeddable":true,"href":"https:\/\/www.sudoestehoje.com.br\/novoportal\/wp-json\/wp\/v2\/media\/119875"}],"wp:attachment":[{"href":"https:\/\/www.sudoestehoje.com.br\/novoportal\/wp-json\/wp\/v2\/media?parent=119872"}],"wp:term":[{"taxonomy":"category","embeddable":true,"href":"https:\/\/www.sudoestehoje.com.br\/novoportal\/wp-json\/wp\/v2\/categories?post=119872"},{"taxonomy":"post_tag","embeddable":true,"href":"https:\/\/www.sudoestehoje.com.br\/novoportal\/wp-json\/wp\/v2\/tags?post=119872"}],"curies":[{"name":"wp","href":"https:\/\/api.w.org\/{rel}","templated":true}]}}