
{"id":119865,"date":"2024-12-01T13:44:34","date_gmt":"2024-12-01T16:44:34","guid":{"rendered":"https:\/\/www.sudoestehoje.com.br\/novoportal\/?p=119865"},"modified":"2024-12-01T13:44:34","modified_gmt":"2024-12-01T16:44:34","slug":"deputada-soane-galvao-comunica-saida-do-psb-e-filiacao-ao-avante","status":"publish","type":"post","link":"https:\/\/www.sudoestehoje.com.br\/novoportal\/2024\/12\/01\/deputada-soane-galvao-comunica-saida-do-psb-e-filiacao-ao-avante\/","title":{"rendered":"DEPUTADA SOANE GALV\u00c3O COMUNICA SA\u00cdDA DO PSB E FILIA\u00c7\u00c3O AO AVANTE"},"content":{"rendered":"<p><img loading=\"lazy\" decoding=\"async\" class=\"alignnone  wp-image-119867\" src=\"https:\/\/www.sudoestehoje.com.br\/novoportal\/wp-content\/uploads\/2024\/12\/Snapinsta.app_468316414_18035142371520571_1424445245685562340_n_1080-1-1.jpg\" alt=\"\" width=\"551\" height=\"341\" \/><\/p>\n<p><strong>A presidente estadual do PSB, L\u00eddice da Mata, e a deputada estadual Soane Galv\u00e3o tiveram uma conversa sobre a sa\u00edda da parlamentar do partido. Segundo informa\u00e7\u00f5es exclusivas do\u00a0<a href=\"https:\/\/politicalivre.com.br\/2024\/11\/deputada-soane-galvao-ja-comunicou-a-direcao-do-psb-sua-saida-da-legenda\/#gsc.tab=0\">site Pol\u00edtica Livre<\/a>, o encontro entre as duas foi tranquilo e o PSB n\u00e3o ir\u00e1 pedir o mandato de Soane.<\/strong><\/p>\n<p><strong>Parece que a deputada n\u00e3o estava se sentindo muito \u00e0 vontade no PSB, j\u00e1 que n\u00e3o trouxe nenhum prefeito para o partido desde que assumiu o cargo e n\u00e3o se envolveu nas elei\u00e7\u00f5es de 2024. Al\u00e9m disso, ela n\u00e3o participava muito das atividades partid\u00e1rias e s\u00f3 gravou alguns programas eleitorais.<\/strong><\/p>\n<p><strong>Outro ponto de destaque foi a aus\u00eancia de Soane no encontro estadual com prefeitos e vices, enquanto marcou presen\u00e7a no evento do Avante, partido ao qual dever\u00e1 se filiar.<\/strong><\/p>\n<p><strong>Apesar de suas aus\u00eancias, sua contribui\u00e7\u00e3o para a elei\u00e7\u00e3o de deputada estadual foi importante, j\u00e1 que seus votos ajudaram o partido a conquistar duas cadeiras na Assembleia Legislativa.<\/strong><\/p>\n<p><strong>Em 2026, ela dever\u00e1 concorrer \u00e0 reelei\u00e7\u00e3o pelo Avante, enquanto seu marido, Mar\u00e3o, deve se lan\u00e7ar como deputado federal pelo PSD.<\/strong><\/p>\n","protected":false},"excerpt":{"rendered":"<p>A presidente estadual do PSB, L\u00eddice da Mata, e a deputada estadual Soane Galv\u00e3o tiveram uma conversa sobre a sa\u00edda da parlamentar do partido. Segundo informa\u00e7\u00f5es exclusivas do\u00a0site Pol\u00edtica Livre, o encontro entre as duas foi tranquilo e o PSB n\u00e3o ir\u00e1 pedir o mandato de Soane. Parece que a deputada n\u00e3o estava se sentindo [&hellip;]<\/p>\n","protected":false},"author":2,"featured_media":119867,"comment_status":"closed","ping_status":"open","sticky":false,"template":"","format":"standard","meta":{"footnotes":"","_links_to":"","_links_to_target":""},"categories":[1],"tags":[],"class_list":["post-119865","post","type-post","status-publish","format-standard","has-post-thumbnail","hentry","category-geral"],"views":721,"_links":{"self":[{"href":"https:\/\/www.sudoestehoje.com.br\/novoportal\/wp-json\/wp\/v2\/posts\/119865","targetHints":{"allow":["GET"]}}],"collection":[{"href":"https:\/\/www.sudoestehoje.com.br\/novoportal\/wp-json\/wp\/v2\/posts"}],"about":[{"href":"https:\/\/www.sudoestehoje.com.br\/novoportal\/wp-json\/wp\/v2\/types\/post"}],"author":[{"embeddable":true,"href":"https:\/\/www.sudoestehoje.com.br\/novoportal\/wp-json\/wp\/v2\/users\/2"}],"replies":[{"embeddable":true,"href":"https:\/\/www.sudoestehoje.com.br\/novoportal\/wp-json\/wp\/v2\/comments?post=119865"}],"version-history":[{"count":2,"href":"https:\/\/www.sudoestehoje.com.br\/novoportal\/wp-json\/wp\/v2\/posts\/119865\/revisions"}],"predecessor-version":[{"id":119869,"href":"https:\/\/www.sudoestehoje.com.br\/novoportal\/wp-json\/wp\/v2\/posts\/119865\/revisions\/119869"}],"wp:featuredmedia":[{"embeddable":true,"href":"https:\/\/www.sudoestehoje.com.br\/novoportal\/wp-json\/wp\/v2\/media\/119867"}],"wp:attachment":[{"href":"https:\/\/www.sudoestehoje.com.br\/novoportal\/wp-json\/wp\/v2\/media?parent=119865"}],"wp:term":[{"taxonomy":"category","embeddable":true,"href":"https:\/\/www.sudoestehoje.com.br\/novoportal\/wp-json\/wp\/v2\/categories?post=119865"},{"taxonomy":"post_tag","embeddable":true,"href":"https:\/\/www.sudoestehoje.com.br\/novoportal\/wp-json\/wp\/v2\/tags?post=119865"}],"curies":[{"name":"wp","href":"https:\/\/api.w.org\/{rel}","templated":true}]}}