
{"id":119854,"date":"2024-11-29T12:38:05","date_gmt":"2024-11-29T15:38:05","guid":{"rendered":"https:\/\/www.sudoestehoje.com.br\/novoportal\/?p=119854"},"modified":"2024-11-29T12:38:05","modified_gmt":"2024-11-29T15:38:05","slug":"eduardo-hagge-participa-de-capacitacao-de-gestores-promovida-pelo-mdb","status":"publish","type":"post","link":"https:\/\/www.sudoestehoje.com.br\/novoportal\/2024\/11\/29\/eduardo-hagge-participa-de-capacitacao-de-gestores-promovida-pelo-mdb\/","title":{"rendered":"EDUARDO HAGGE PARTICIPA DE CAPACITA\u00c7\u00c3O DE GESTORES PROMOVIDA PELO MDB"},"content":{"rendered":"<p><img loading=\"lazy\" decoding=\"async\" class=\"alignnone  wp-image-119855\" src=\"https:\/\/www.sudoestehoje.com.br\/novoportal\/wp-content\/uploads\/2024\/11\/Imagem-do-WhatsApp-de-2024-11-29-as-12.18.37_34d7a6f5.jpg\" alt=\"\" width=\"551\" height=\"407\" \/><\/p>\n<p><strong>O prefeito eleito de Itapetinga, Eduardo Hagge (MDB) participou na manh\u00e3 desta sexta-feira (29\/11), de uma Capacita\u00e7\u00e3o de Gestores, promovida pelo Diret\u00f3rio Estadual do Movimento Democr\u00e1tico Brasileiro &#8211; MDB. <\/strong><\/p>\n<p><strong>Na pauta do evento foram debatidos temas importantes como: Planejamento, Or\u00e7amento e Gasto P\u00fablico; Capta\u00e7\u00e3o de recursos federais junto aos Minist\u00e9rios das Cidades e Transportes; TCM e Controle Interno Municipal, dentre outros assuntos.<\/strong><\/p>\n<p><strong> A Capacita\u00e7\u00e3o de Gestores do MDB contou com a presen\u00e7a governador do Estado Jer\u00f4nimo Rodrigues (PT), do vice-governador Geraldo J\u00fanior (MDB, e do Senador Jacques Wagner (PT). O MDB da Bahia elegeu 32 prefeitos no pleito municipal.<\/strong><\/p>\n","protected":false},"excerpt":{"rendered":"<p>O prefeito eleito de Itapetinga, Eduardo Hagge (MDB) participou na manh\u00e3 desta sexta-feira (29\/11), de uma Capacita\u00e7\u00e3o de Gestores, promovida pelo Diret\u00f3rio Estadual do Movimento Democr\u00e1tico Brasileiro &#8211; MDB. Na pauta do evento foram debatidos temas importantes como: Planejamento, Or\u00e7amento e Gasto P\u00fablico; Capta\u00e7\u00e3o de recursos federais junto aos Minist\u00e9rios das Cidades e Transportes; TCM [&hellip;]<\/p>\n","protected":false},"author":2,"featured_media":119855,"comment_status":"closed","ping_status":"open","sticky":false,"template":"","format":"standard","meta":{"footnotes":"","_links_to":"","_links_to_target":""},"categories":[1],"tags":[],"class_list":["post-119854","post","type-post","status-publish","format-standard","has-post-thumbnail","hentry","category-geral"],"views":656,"_links":{"self":[{"href":"https:\/\/www.sudoestehoje.com.br\/novoportal\/wp-json\/wp\/v2\/posts\/119854","targetHints":{"allow":["GET"]}}],"collection":[{"href":"https:\/\/www.sudoestehoje.com.br\/novoportal\/wp-json\/wp\/v2\/posts"}],"about":[{"href":"https:\/\/www.sudoestehoje.com.br\/novoportal\/wp-json\/wp\/v2\/types\/post"}],"author":[{"embeddable":true,"href":"https:\/\/www.sudoestehoje.com.br\/novoportal\/wp-json\/wp\/v2\/users\/2"}],"replies":[{"embeddable":true,"href":"https:\/\/www.sudoestehoje.com.br\/novoportal\/wp-json\/wp\/v2\/comments?post=119854"}],"version-history":[{"count":1,"href":"https:\/\/www.sudoestehoje.com.br\/novoportal\/wp-json\/wp\/v2\/posts\/119854\/revisions"}],"predecessor-version":[{"id":119856,"href":"https:\/\/www.sudoestehoje.com.br\/novoportal\/wp-json\/wp\/v2\/posts\/119854\/revisions\/119856"}],"wp:featuredmedia":[{"embeddable":true,"href":"https:\/\/www.sudoestehoje.com.br\/novoportal\/wp-json\/wp\/v2\/media\/119855"}],"wp:attachment":[{"href":"https:\/\/www.sudoestehoje.com.br\/novoportal\/wp-json\/wp\/v2\/media?parent=119854"}],"wp:term":[{"taxonomy":"category","embeddable":true,"href":"https:\/\/www.sudoestehoje.com.br\/novoportal\/wp-json\/wp\/v2\/categories?post=119854"},{"taxonomy":"post_tag","embeddable":true,"href":"https:\/\/www.sudoestehoje.com.br\/novoportal\/wp-json\/wp\/v2\/tags?post=119854"}],"curies":[{"name":"wp","href":"https:\/\/api.w.org\/{rel}","templated":true}]}}