
{"id":119850,"date":"2024-11-29T10:00:37","date_gmt":"2024-11-29T13:00:37","guid":{"rendered":"https:\/\/www.sudoestehoje.com.br\/novoportal\/?p=119850"},"modified":"2024-11-29T10:00:37","modified_gmt":"2024-11-29T13:00:37","slug":"confirmado-atakarejo-de-itapetinga-sera-inaugurado-em-12-de-dezembro","status":"publish","type":"post","link":"https:\/\/www.sudoestehoje.com.br\/novoportal\/2024\/11\/29\/confirmado-atakarejo-de-itapetinga-sera-inaugurado-em-12-de-dezembro\/","title":{"rendered":"CONFIRMADO | ATAKAREJO DE ITAPETINGA SER\u00c1 INAUGURADO EM 12 DE DEZEMBRO"},"content":{"rendered":"<div id=\"attachment_119852\" style=\"width: 561px\" class=\"wp-caption alignnone\"><img loading=\"lazy\" decoding=\"async\" aria-describedby=\"caption-attachment-119852\" class=\" wp-image-119852\" src=\"https:\/\/www.sudoestehoje.com.br\/novoportal\/wp-content\/uploads\/2024\/11\/ATACADISTA-ATAKAREJO-08.jpg\" alt=\"\" width=\"551\" height=\"310\" \/><p id=\"caption-attachment-119852\" class=\"wp-caption-text\">default<\/p><\/div>\n<p><strong>A dire\u00e7\u00e3o do Atakad\u00e3o Atakarejo acaba de confirmar a data de inaugura\u00e7\u00e3o da sua unidade em Itapetinga, prevista para 12 de dezembro pr\u00f3ximo, dia em que ser\u00e1 comemorado o anivers\u00e1rio dos 72 anos de emancipa\u00e7\u00e3o pol\u00edtica do munic\u00edpio.<\/strong><\/p>\n<p><strong>A decis\u00e3o foi tomada com a participa\u00e7\u00e3o do prefeito Rodrigo Hagge, do futuro prefeito Eduardo Hagge, Gustavo David, Juscelino Gomes e Matheus Gomes, figuras determinantes para a vinda do empreendimento \u00e0 &#8216;Capital da Pecu\u00e1ria Baiana&#8217;.<\/strong><\/p>\n<p><strong>O Atakarejo \u00e9 o segundo atacadista a se instalar no munic\u00edpio, durante a gest\u00e3o do prefeito Rodrigo Hagge, confirmando a voca\u00e7\u00e3o de Itapetinga como polo regional em crescente desenvolvimento.<\/strong><\/p>\n<p><strong>Por Davi Ferraz\u00a0\u00a0<\/strong><\/p>\n","protected":false},"excerpt":{"rendered":"<p>A dire\u00e7\u00e3o do Atakad\u00e3o Atakarejo acaba de confirmar a data de inaugura\u00e7\u00e3o da sua unidade em Itapetinga, prevista para 12 de dezembro pr\u00f3ximo, dia em que ser\u00e1 comemorado o anivers\u00e1rio dos 72 anos de emancipa\u00e7\u00e3o pol\u00edtica do munic\u00edpio. A decis\u00e3o foi tomada com a participa\u00e7\u00e3o do prefeito Rodrigo Hagge, do futuro prefeito Eduardo Hagge, Gustavo [&hellip;]<\/p>\n","protected":false},"author":2,"featured_media":119852,"comment_status":"closed","ping_status":"open","sticky":false,"template":"","format":"standard","meta":{"footnotes":"","_links_to":"","_links_to_target":""},"categories":[1],"tags":[],"class_list":["post-119850","post","type-post","status-publish","format-standard","has-post-thumbnail","hentry","category-geral"],"views":1854,"_links":{"self":[{"href":"https:\/\/www.sudoestehoje.com.br\/novoportal\/wp-json\/wp\/v2\/posts\/119850","targetHints":{"allow":["GET"]}}],"collection":[{"href":"https:\/\/www.sudoestehoje.com.br\/novoportal\/wp-json\/wp\/v2\/posts"}],"about":[{"href":"https:\/\/www.sudoestehoje.com.br\/novoportal\/wp-json\/wp\/v2\/types\/post"}],"author":[{"embeddable":true,"href":"https:\/\/www.sudoestehoje.com.br\/novoportal\/wp-json\/wp\/v2\/users\/2"}],"replies":[{"embeddable":true,"href":"https:\/\/www.sudoestehoje.com.br\/novoportal\/wp-json\/wp\/v2\/comments?post=119850"}],"version-history":[{"count":2,"href":"https:\/\/www.sudoestehoje.com.br\/novoportal\/wp-json\/wp\/v2\/posts\/119850\/revisions"}],"predecessor-version":[{"id":119853,"href":"https:\/\/www.sudoestehoje.com.br\/novoportal\/wp-json\/wp\/v2\/posts\/119850\/revisions\/119853"}],"wp:featuredmedia":[{"embeddable":true,"href":"https:\/\/www.sudoestehoje.com.br\/novoportal\/wp-json\/wp\/v2\/media\/119852"}],"wp:attachment":[{"href":"https:\/\/www.sudoestehoje.com.br\/novoportal\/wp-json\/wp\/v2\/media?parent=119850"}],"wp:term":[{"taxonomy":"category","embeddable":true,"href":"https:\/\/www.sudoestehoje.com.br\/novoportal\/wp-json\/wp\/v2\/categories?post=119850"},{"taxonomy":"post_tag","embeddable":true,"href":"https:\/\/www.sudoestehoje.com.br\/novoportal\/wp-json\/wp\/v2\/tags?post=119850"}],"curies":[{"name":"wp","href":"https:\/\/api.w.org\/{rel}","templated":true}]}}