
{"id":119834,"date":"2024-11-28T12:01:30","date_gmt":"2024-11-28T15:01:30","guid":{"rendered":"https:\/\/www.sudoestehoje.com.br\/novoportal\/?p=119834"},"modified":"2024-11-28T12:01:30","modified_gmt":"2024-11-28T15:01:30","slug":"economia-governo-anuncia-pacote-de-medidas-com-cortes-para-deminuir-gastos","status":"publish","type":"post","link":"https:\/\/www.sudoestehoje.com.br\/novoportal\/2024\/11\/28\/economia-governo-anuncia-pacote-de-medidas-com-cortes-para-deminuir-gastos\/","title":{"rendered":"ECONOMIA | GOVERNO ANUNCIA PACOTE DE MEDIDAS COM CORTES PARA DEMINUIR GASTOS"},"content":{"rendered":"<p><img loading=\"lazy\" decoding=\"async\" class=\"alignnone  wp-image-119837\" src=\"https:\/\/www.sudoestehoje.com.br\/novoportal\/wp-content\/uploads\/2024\/11\/Imagem-do-WhatsApp-de-2024-11-28-as-11.53.57_3404a3ff.jpg\" alt=\"\" width=\"549\" height=\"359\" \/><\/p>\n<p><strong>O ministro da Fazenda, Fernando Haddad, apresentou nesta quarta-feira (27) um pacote de medidas econ\u00f4micas para revis\u00e3o de gastos p\u00fablicos, com previs\u00e3o de impacto positivo de R$ 70 bilh\u00f5es aos cofres do governo entre 2025 e 2026. As iniciativas incluem mudan\u00e7as tribut\u00e1rias, ajustes em benef\u00edcios e novas regras para militares.<\/strong><\/p>\n<p><strong>Segundo o Minist\u00e9rio da Fazenda, o objetivo do pacote \u00e9 equilibrar as contas p\u00fablicas e viabilizar compromissos fiscais, como a amplia\u00e7\u00e3o da isen\u00e7\u00e3o do IR, sem comprometer a arrecada\u00e7\u00e3o.<\/strong><\/p>\n<h3><strong>Principais medidas do pacote<\/strong><\/h3>\n<p><strong>Imposto de Renda:\u00a0Amplia\u00e7\u00e3o da faixa de isen\u00e7\u00e3o para R$ 5.000 mensais, com compensa\u00e7\u00e3o por meio do aumento da taxa\u00e7\u00e3o sobre rendas superiores a R$ 50.000 por m\u00eas.<\/strong><\/p>\n<p><strong>Sal\u00e1rio m\u00ednimo:\u00a0Reajuste limitado a 2,5% acima do INPC acumulado at\u00e9 novembro, substituindo o modelo que considerava a varia\u00e7\u00e3o do PIB de dois anos anteriores.<\/strong><\/p>\n<p><strong>Abono salarial:\u00a0Restri\u00e7\u00e3o do benef\u00edcio a trabalhadores com renda de at\u00e9 R$ 2.640, corrigido pela infla\u00e7\u00e3o nos pr\u00f3ximos anos.<\/strong><\/p>\n<p><strong>Militares:\u00a0Estabelecimento de idade m\u00ednima para entrada na reserva e restri\u00e7\u00f5es na transfer\u00eancia de pens\u00f5es.<\/strong><\/p>\n<p><strong>Al\u00e9m disso, o pacote inclui a proibi\u00e7\u00e3o de cria\u00e7\u00e3o, amplia\u00e7\u00e3o ou prorroga\u00e7\u00e3o de benef\u00edcios tribut\u00e1rios enquanto as contas p\u00fablicas apresentarem d\u00e9ficit prim\u00e1rio.<\/strong><\/p>\n<h3><strong>Aprova\u00e7\u00e3o e implementa\u00e7\u00e3o<\/strong><\/h3>\n<p><strong>As medidas ser\u00e3o enviadas ao Congresso por meio de uma Proposta de Emenda \u00e0 Constitui\u00e7\u00e3o (PEC) e um projeto de lei complementar. Devido \u00e0 agenda legislativa apertada, a vota\u00e7\u00e3o deve ocorrer apenas em 2025.<\/strong><\/p>\n","protected":false},"excerpt":{"rendered":"<p>O ministro da Fazenda, Fernando Haddad, apresentou nesta quarta-feira (27) um pacote de medidas econ\u00f4micas para revis\u00e3o de gastos p\u00fablicos, com previs\u00e3o de impacto positivo de R$ 70 bilh\u00f5es aos cofres do governo entre 2025 e 2026. As iniciativas incluem mudan\u00e7as tribut\u00e1rias, ajustes em benef\u00edcios e novas regras para militares. Segundo o Minist\u00e9rio da Fazenda, [&hellip;]<\/p>\n","protected":false},"author":2,"featured_media":119837,"comment_status":"closed","ping_status":"open","sticky":false,"template":"","format":"standard","meta":{"footnotes":"","_links_to":"","_links_to_target":""},"categories":[1],"tags":[],"class_list":["post-119834","post","type-post","status-publish","format-standard","has-post-thumbnail","hentry","category-geral"],"views":639,"_links":{"self":[{"href":"https:\/\/www.sudoestehoje.com.br\/novoportal\/wp-json\/wp\/v2\/posts\/119834","targetHints":{"allow":["GET"]}}],"collection":[{"href":"https:\/\/www.sudoestehoje.com.br\/novoportal\/wp-json\/wp\/v2\/posts"}],"about":[{"href":"https:\/\/www.sudoestehoje.com.br\/novoportal\/wp-json\/wp\/v2\/types\/post"}],"author":[{"embeddable":true,"href":"https:\/\/www.sudoestehoje.com.br\/novoportal\/wp-json\/wp\/v2\/users\/2"}],"replies":[{"embeddable":true,"href":"https:\/\/www.sudoestehoje.com.br\/novoportal\/wp-json\/wp\/v2\/comments?post=119834"}],"version-history":[{"count":5,"href":"https:\/\/www.sudoestehoje.com.br\/novoportal\/wp-json\/wp\/v2\/posts\/119834\/revisions"}],"predecessor-version":[{"id":119840,"href":"https:\/\/www.sudoestehoje.com.br\/novoportal\/wp-json\/wp\/v2\/posts\/119834\/revisions\/119840"}],"wp:featuredmedia":[{"embeddable":true,"href":"https:\/\/www.sudoestehoje.com.br\/novoportal\/wp-json\/wp\/v2\/media\/119837"}],"wp:attachment":[{"href":"https:\/\/www.sudoestehoje.com.br\/novoportal\/wp-json\/wp\/v2\/media?parent=119834"}],"wp:term":[{"taxonomy":"category","embeddable":true,"href":"https:\/\/www.sudoestehoje.com.br\/novoportal\/wp-json\/wp\/v2\/categories?post=119834"},{"taxonomy":"post_tag","embeddable":true,"href":"https:\/\/www.sudoestehoje.com.br\/novoportal\/wp-json\/wp\/v2\/tags?post=119834"}],"curies":[{"name":"wp","href":"https:\/\/api.w.org\/{rel}","templated":true}]}}