
{"id":119830,"date":"2024-11-28T11:26:45","date_gmt":"2024-11-28T14:26:45","guid":{"rendered":"https:\/\/www.sudoestehoje.com.br\/novoportal\/?p=119830"},"modified":"2024-11-28T11:26:45","modified_gmt":"2024-11-28T14:26:45","slug":"chuvas-equipes-de-resgate-buscam-por-jovem-de-18-anos-soterrado-em-salvador","status":"publish","type":"post","link":"https:\/\/www.sudoestehoje.com.br\/novoportal\/2024\/11\/28\/chuvas-equipes-de-resgate-buscam-por-jovem-de-18-anos-soterrado-em-salvador\/","title":{"rendered":"CHUVAS | EQUIPES DE RESGATE BUSCAM POR JOVEM DE 18 ANOS SOTERRADO EM SALVADOR"},"content":{"rendered":"<p><img loading=\"lazy\" decoding=\"async\" class=\"alignnone  wp-image-119832\" src=\"https:\/\/www.sudoestehoje.com.br\/novoportal\/wp-content\/uploads\/2024\/11\/IMAGEM_NOTICIA_0-1.jpg\" alt=\"\" width=\"549\" height=\"366\" \/><\/p>\n<p><strong>Os bombeiros continuam, na manh\u00e3 desta quinta-feira (28), as buscas por um jovem de 18 anos que foi soterrado ap\u00f3s o deslizamento de terras no bairro de Saramandaia, em Salvador, na quarta-feira (27). Por conta da \u00e1rea est\u00e1 inst\u00e1vel e do solo encharcado, o trabalho requer cuidado das equipes e uma avalia\u00e7\u00e3o constante do cen\u00e1rio, afirma a corpora\u00e7\u00e3o.<\/strong><\/p>\n<p><strong>Pelo menos 60 bombeiros militares tamb\u00e9m passaram a madrugada realizando as buscas. A retirada da lama acontece de forma manual e os moradores da regi\u00e3o auxiliam o resgate com ferramentas, alimentos e \u00e1gua.<\/strong><\/p>\n<p><strong>Tr\u00eas pessoas, entre elas uma crian\u00e7a, foram resgatadas com vida ontem, no mesmo local. O acidente aconteceu na altura da Rua Amargosa. As casas deslizaram e ca\u00edram em dire\u00e7\u00e3o ao bairro de Saramandaia.<\/strong><\/p>\n<p><strong>O jovem desaparecido foi identificado como Paulo Andrade. Ele completou 18 anos recentemente. A suspeita da fam\u00edlia \u00e9 que, no momento do acidente, ele estivesse em casa se preparando para ir ao est\u00e1gio.<\/strong><\/p>\n","protected":false},"excerpt":{"rendered":"<p>Os bombeiros continuam, na manh\u00e3 desta quinta-feira (28), as buscas por um jovem de 18 anos que foi soterrado ap\u00f3s o deslizamento de terras no bairro de Saramandaia, em Salvador, na quarta-feira (27). Por conta da \u00e1rea est\u00e1 inst\u00e1vel e do solo encharcado, o trabalho requer cuidado das equipes e uma avalia\u00e7\u00e3o constante do cen\u00e1rio, [&hellip;]<\/p>\n","protected":false},"author":2,"featured_media":119832,"comment_status":"closed","ping_status":"open","sticky":false,"template":"","format":"standard","meta":{"footnotes":"","_links_to":"","_links_to_target":""},"categories":[1],"tags":[],"class_list":["post-119830","post","type-post","status-publish","format-standard","has-post-thumbnail","hentry","category-geral"],"views":561,"_links":{"self":[{"href":"https:\/\/www.sudoestehoje.com.br\/novoportal\/wp-json\/wp\/v2\/posts\/119830","targetHints":{"allow":["GET"]}}],"collection":[{"href":"https:\/\/www.sudoestehoje.com.br\/novoportal\/wp-json\/wp\/v2\/posts"}],"about":[{"href":"https:\/\/www.sudoestehoje.com.br\/novoportal\/wp-json\/wp\/v2\/types\/post"}],"author":[{"embeddable":true,"href":"https:\/\/www.sudoestehoje.com.br\/novoportal\/wp-json\/wp\/v2\/users\/2"}],"replies":[{"embeddable":true,"href":"https:\/\/www.sudoestehoje.com.br\/novoportal\/wp-json\/wp\/v2\/comments?post=119830"}],"version-history":[{"count":2,"href":"https:\/\/www.sudoestehoje.com.br\/novoportal\/wp-json\/wp\/v2\/posts\/119830\/revisions"}],"predecessor-version":[{"id":119833,"href":"https:\/\/www.sudoestehoje.com.br\/novoportal\/wp-json\/wp\/v2\/posts\/119830\/revisions\/119833"}],"wp:featuredmedia":[{"embeddable":true,"href":"https:\/\/www.sudoestehoje.com.br\/novoportal\/wp-json\/wp\/v2\/media\/119832"}],"wp:attachment":[{"href":"https:\/\/www.sudoestehoje.com.br\/novoportal\/wp-json\/wp\/v2\/media?parent=119830"}],"wp:term":[{"taxonomy":"category","embeddable":true,"href":"https:\/\/www.sudoestehoje.com.br\/novoportal\/wp-json\/wp\/v2\/categories?post=119830"},{"taxonomy":"post_tag","embeddable":true,"href":"https:\/\/www.sudoestehoje.com.br\/novoportal\/wp-json\/wp\/v2\/tags?post=119830"}],"curies":[{"name":"wp","href":"https:\/\/api.w.org\/{rel}","templated":true}]}}