
{"id":11979,"date":"2012-01-12T00:20:48","date_gmt":"2012-01-12T03:20:48","guid":{"rendered":"http:\/\/www.sudoestehoje.com.br\/novoportal\/?p=11979"},"modified":"2012-01-12T00:42:16","modified_gmt":"2012-01-12T03:42:16","slug":"oposicoes-fecham-acordo-anti-pt-em-10-cidades-do-estado","status":"publish","type":"post","link":"https:\/\/www.sudoestehoje.com.br\/novoportal\/2012\/01\/12\/oposicoes-fecham-acordo-anti-pt-em-10-cidades-do-estado\/","title":{"rendered":"OPOSI\u00c7\u00d5ES FECHAM ACORDO ANTI-PT EM 10 CIDADES DO ESTADO"},"content":{"rendered":"<p style=\"text-align: center;\"><img decoding=\"async\" class=\"aligncenter\" src=\"http:\/\/www.blogdojaironofre.com.br\/antigo\/materias\/fotos\/Oposi%C3%A7%C3%A3o%20na%20Bahia.jpg\" alt=\"\" width=\"400\" \/><\/p>\n<p style=\"text-align: center;\"><em><strong>Oposi\u00e7\u00f5es prometem marchar unidas nas 10 maiores cidades<\/strong><\/em><\/p>\n<p>Progrediu, e muito, a articula\u00e7\u00e3o para que PMDB, DEM e PSDB cheguem \u00e0 elei\u00e7\u00e3o de outubro como uma brigada anti-PT na Bahia. O acerto foi pavimentado nas dez maiores cidades baianas. E encontra-se em bom est\u00e1gio na capital, Salvador. Comandam a infantaria oposicionista o PMDB de Geddel Vieira Lima, vice-presidente da Caixa, e o DEM do deputado ACM Neto. A dupla estreita a inimizade movida pelo prop\u00f3sito comum de enfrentar o PT do governador Jaques Wagner. Participam tamb\u00e9m do acerto o PSDB, legendas de porte m\u00e9dio como o PR e agremia\u00e7\u00f5es mi\u00fadas como o PTN. Nos munic\u00edpios em que houve acerto, v\u00e3o \u00e0 cabe\u00e7a de chapa os candidatos mais bem postos nas pesquisas, independentemente da legenda.<\/p>\n<p>A lista de cidades inclui algumas j\u00f3ias municipais da coroa baiana. Entre elas Feira de Santana, Vit\u00f3ria da Conquista, Itabuna, Ilh\u00e9us e Alagoinhas. Estima-se para mar\u00e7o o desfecho do entendimento de Salvador. A coisa esbarrou em 2014. Tomado pelas pesquisas, ACM Neto seria o nome mais bem posto do grupo para disputar a prefeitura da capital. Ele prefere, por\u00e9m, resguardar-se para a futura briga pela poltrona de governador do Estado. O diabo \u00e9 que Geddel ambiciona a mesma cadeira. Tenta-se costurar o seguinte entendimento: o DEM retira-se de 2012 e ap\u00f3ia o candidato do PMDB \u00e0 prefeitura de Salvador: M\u00e1rio Kert\u00e9sz. Em 2014, encabe\u00e7aria a chapa quem exibisse o melhor \u00edndice de pesquisa: ACM Neto ou Geddel.<\/p>\n<p>Leia mais no\u00a0<a href=\"http:\/\/josiasdesouza.blogosfera.uol.com.br\/2012\/01\/11\/pmdb-sela-acordo-anti-pt-em-10-cidades-na-ba\/\" target=\"_blank\">Blog do Josias<\/a>.<\/p>\n","protected":false},"excerpt":{"rendered":"<p>Oposi\u00e7\u00f5es prometem marchar unidas nas 10 maiores cidades Progrediu, e muito, a articula\u00e7\u00e3o para que PMDB, DEM e PSDB cheguem \u00e0 elei\u00e7\u00e3o de outubro como uma brigada anti-PT na Bahia. O acerto foi pavimentado nas dez maiores cidades baianas. E encontra-se em bom est\u00e1gio na capital, Salvador. Comandam a infantaria oposicionista o PMDB de Geddel [&hellip;]<\/p>\n","protected":false},"author":2,"featured_media":0,"comment_status":"open","ping_status":"open","sticky":false,"template":"","format":"standard","meta":{"footnotes":"","_links_to":"","_links_to_target":""},"categories":[1],"tags":[],"class_list":["post-11979","post","type-post","status-publish","format-standard","hentry","category-geral"],"views":1300,"_links":{"self":[{"href":"https:\/\/www.sudoestehoje.com.br\/novoportal\/wp-json\/wp\/v2\/posts\/11979","targetHints":{"allow":["GET"]}}],"collection":[{"href":"https:\/\/www.sudoestehoje.com.br\/novoportal\/wp-json\/wp\/v2\/posts"}],"about":[{"href":"https:\/\/www.sudoestehoje.com.br\/novoportal\/wp-json\/wp\/v2\/types\/post"}],"author":[{"embeddable":true,"href":"https:\/\/www.sudoestehoje.com.br\/novoportal\/wp-json\/wp\/v2\/users\/2"}],"replies":[{"embeddable":true,"href":"https:\/\/www.sudoestehoje.com.br\/novoportal\/wp-json\/wp\/v2\/comments?post=11979"}],"version-history":[{"count":3,"href":"https:\/\/www.sudoestehoje.com.br\/novoportal\/wp-json\/wp\/v2\/posts\/11979\/revisions"}],"predecessor-version":[{"id":12001,"href":"https:\/\/www.sudoestehoje.com.br\/novoportal\/wp-json\/wp\/v2\/posts\/11979\/revisions\/12001"}],"wp:attachment":[{"href":"https:\/\/www.sudoestehoje.com.br\/novoportal\/wp-json\/wp\/v2\/media?parent=11979"}],"wp:term":[{"taxonomy":"category","embeddable":true,"href":"https:\/\/www.sudoestehoje.com.br\/novoportal\/wp-json\/wp\/v2\/categories?post=11979"},{"taxonomy":"post_tag","embeddable":true,"href":"https:\/\/www.sudoestehoje.com.br\/novoportal\/wp-json\/wp\/v2\/tags?post=11979"}],"curies":[{"name":"wp","href":"https:\/\/api.w.org\/{rel}","templated":true}]}}