
{"id":119762,"date":"2024-11-25T09:54:00","date_gmt":"2024-11-25T12:54:00","guid":{"rendered":"https:\/\/www.sudoestehoje.com.br\/novoportal\/?p=119762"},"modified":"2024-11-25T09:54:00","modified_gmt":"2024-11-25T12:54:00","slug":"acidente-com-onibus-escolar-deixa-17-mortos-e-28-feridos-no-nordeste","status":"publish","type":"post","link":"https:\/\/www.sudoestehoje.com.br\/novoportal\/2024\/11\/25\/acidente-com-onibus-escolar-deixa-17-mortos-e-28-feridos-no-nordeste\/","title":{"rendered":"ACIDENTE COM \u00d4NIBUS ESCOLAR DEIXA 17 MORTOS E 28 FERIDOS NO NORDESTE"},"content":{"rendered":"<p><img loading=\"lazy\" decoding=\"async\" class=\"alignnone  wp-image-119764\" src=\"https:\/\/www.sudoestehoje.com.br\/novoportal\/wp-content\/uploads\/2024\/11\/158167acidente-com-onibus-em-ribanceira-deixa-17-mortos-em-alagoas-3-1536x722-1.jpg\" alt=\"\" width=\"550\" height=\"259\" \/><\/p>\n<p><strong>Um grave acidente ocorrido na tarde de domingo (24) resultou na morte de 17 pessoas e deixou 28 feridos, ap\u00f3s um \u00f4nibus cair em uma ribanceira na regi\u00e3o da Serra da Barriga, em Uni\u00e3o dos Palmares, Alagoas. O acidente aconteceu por volta das 15h, mobilizando rapidamente equipes do Corpo de Bombeiros e do Servi\u00e7o de Atendimento M\u00f3vel de Urg\u00eancia (Samu), que trabalharam no resgate das v\u00edtimas.<\/strong><\/p>\n<p><strong>De acordo com o Metro 1, o \u00f4nibus transportava 45 passageiros e as v\u00edtimas foram encaminhadas para diversas unidades de sa\u00fade, incluindo o Hospital Geral do Estado, o Hospital Metropolitano e o Hospital Regional da Mata. O governo do estado de Alagoas disponibilizou leitos de UTI pedi\u00e1trica e adulta para atendimento imediato. Inicialmente, foram divulgados 23 \u00f3bitos, mas o n\u00famero foi posteriormente corrigido para 17.<\/strong><\/p>\n<p><strong>A Pol\u00edcia Civil de Alagoas j\u00e1 instaurou um inqu\u00e9rito para apurar as causas do acidente. Em nota oficial, o governo estadual manifestou solidariedade \u00e0s v\u00edtimas e seus familiares, oferecendo apoio no momento de trag\u00e9dia.<\/strong><\/p>\n","protected":false},"excerpt":{"rendered":"<p>Um grave acidente ocorrido na tarde de domingo (24) resultou na morte de 17 pessoas e deixou 28 feridos, ap\u00f3s um \u00f4nibus cair em uma ribanceira na regi\u00e3o da Serra da Barriga, em Uni\u00e3o dos Palmares, Alagoas. O acidente aconteceu por volta das 15h, mobilizando rapidamente equipes do Corpo de Bombeiros e do Servi\u00e7o de [&hellip;]<\/p>\n","protected":false},"author":2,"featured_media":119764,"comment_status":"closed","ping_status":"open","sticky":false,"template":"","format":"standard","meta":{"footnotes":"","_links_to":"","_links_to_target":""},"categories":[1],"tags":[],"class_list":["post-119762","post","type-post","status-publish","format-standard","has-post-thumbnail","hentry","category-geral"],"views":575,"_links":{"self":[{"href":"https:\/\/www.sudoestehoje.com.br\/novoportal\/wp-json\/wp\/v2\/posts\/119762","targetHints":{"allow":["GET"]}}],"collection":[{"href":"https:\/\/www.sudoestehoje.com.br\/novoportal\/wp-json\/wp\/v2\/posts"}],"about":[{"href":"https:\/\/www.sudoestehoje.com.br\/novoportal\/wp-json\/wp\/v2\/types\/post"}],"author":[{"embeddable":true,"href":"https:\/\/www.sudoestehoje.com.br\/novoportal\/wp-json\/wp\/v2\/users\/2"}],"replies":[{"embeddable":true,"href":"https:\/\/www.sudoestehoje.com.br\/novoportal\/wp-json\/wp\/v2\/comments?post=119762"}],"version-history":[{"count":2,"href":"https:\/\/www.sudoestehoje.com.br\/novoportal\/wp-json\/wp\/v2\/posts\/119762\/revisions"}],"predecessor-version":[{"id":119765,"href":"https:\/\/www.sudoestehoje.com.br\/novoportal\/wp-json\/wp\/v2\/posts\/119762\/revisions\/119765"}],"wp:featuredmedia":[{"embeddable":true,"href":"https:\/\/www.sudoestehoje.com.br\/novoportal\/wp-json\/wp\/v2\/media\/119764"}],"wp:attachment":[{"href":"https:\/\/www.sudoestehoje.com.br\/novoportal\/wp-json\/wp\/v2\/media?parent=119762"}],"wp:term":[{"taxonomy":"category","embeddable":true,"href":"https:\/\/www.sudoestehoje.com.br\/novoportal\/wp-json\/wp\/v2\/categories?post=119762"},{"taxonomy":"post_tag","embeddable":true,"href":"https:\/\/www.sudoestehoje.com.br\/novoportal\/wp-json\/wp\/v2\/tags?post=119762"}],"curies":[{"name":"wp","href":"https:\/\/api.w.org\/{rel}","templated":true}]}}