
{"id":11976,"date":"2012-01-12T00:30:45","date_gmt":"2012-01-12T03:30:45","guid":{"rendered":"http:\/\/www.sudoestehoje.com.br\/novoportal\/?p=11976"},"modified":"2012-01-12T00:40:58","modified_gmt":"2012-01-12T03:40:58","slug":"ibicui-josias-gomes-de-olho-na-sucessao-municipal","status":"publish","type":"post","link":"https:\/\/www.sudoestehoje.com.br\/novoportal\/2012\/01\/12\/ibicui-josias-gomes-de-olho-na-sucessao-municipal\/","title":{"rendered":"IBICU\u00cd: JOSIAS GOMES DE OLHO NA SUCESS\u00c3O MUNICIPAL"},"content":{"rendered":"<p style=\"text-align: center;\"><img decoding=\"async\" class=\"aligncenter\" src=\"http:\/\/www.politicosdosuldabahia.com.br\/v1\/wp-content\/uploads\/388273_2356686367108_1548706912_31822148_1849404414_n.jpg\" alt=\"\" width=\"400\" \/><\/p>\n<p style=\"text-align: center;\"><em><strong>Deputado Josias Gomes (PT) em reuni\u00e3o com Marcos Galv\u00e3o<\/strong><\/em><\/p>\n<p>IBICU\u00cd: O pr\u00e9-candidato a prefeito de Ibicu\u00ed, Marcos Galv\u00e3o (PT), se reuniu nesta ter\u00e7a-feira com o Deputado Federal Josias Gomes, para tratar de assuntos referentes \u00e0 sua futura candidatura. Marcos ficou bastante satisfeito com a aten\u00e7\u00e3o dada mais uma vez ao povo de Ibicu\u00ed, pelo deputado Josias. \u201c<em>Estou em Salvador e durante os \u00faltimos dias tive algumas reuni\u00f5es com o parlamentar, que se mostrou solicito e atencioso para com os pedidos feitos em prol do nosso munic\u00edpio\u201d.<\/em><\/p>\n<p>Foi o deputado Josias Gomes quem abonou a ficha de filia\u00e7\u00e3o de Marcos Galv\u00e3o, para o seu ingresso no PT de Ibicu\u00ed. Josias, que manifestou total apoio \u00e0 pr\u00e9-candidatura de Marcos \u00e0 prefeitura de Ibicu\u00ed, tamb\u00e9m comentou a reuni\u00e3o: <em>\u201cMuito boa a reuni\u00e3o com Marcos Galv\u00e3o, nosso pr\u00e9-candidato \u00e0 prefeitura de Ibicu\u00ed. Discutimos quest\u00f5es referentes \u00e0s elei\u00e7\u00f5es e as estrat\u00e9gias do partido para o pleito deste ano\u201d.<\/em><\/p>\n<p><em>Ascom<\/em><\/p>\n","protected":false},"excerpt":{"rendered":"<p>Deputado Josias Gomes (PT) em reuni\u00e3o com Marcos Galv\u00e3o IBICU\u00cd: O pr\u00e9-candidato a prefeito de Ibicu\u00ed, Marcos Galv\u00e3o (PT), se reuniu nesta ter\u00e7a-feira com o Deputado Federal Josias Gomes, para tratar de assuntos referentes \u00e0 sua futura candidatura. Marcos ficou bastante satisfeito com a aten\u00e7\u00e3o dada mais uma vez ao povo de Ibicu\u00ed, pelo deputado [&hellip;]<\/p>\n","protected":false},"author":2,"featured_media":0,"comment_status":"open","ping_status":"open","sticky":false,"template":"","format":"standard","meta":{"footnotes":"","_links_to":"","_links_to_target":""},"categories":[1],"tags":[],"class_list":["post-11976","post","type-post","status-publish","format-standard","hentry","category-geral"],"views":1202,"_links":{"self":[{"href":"https:\/\/www.sudoestehoje.com.br\/novoportal\/wp-json\/wp\/v2\/posts\/11976","targetHints":{"allow":["GET"]}}],"collection":[{"href":"https:\/\/www.sudoestehoje.com.br\/novoportal\/wp-json\/wp\/v2\/posts"}],"about":[{"href":"https:\/\/www.sudoestehoje.com.br\/novoportal\/wp-json\/wp\/v2\/types\/post"}],"author":[{"embeddable":true,"href":"https:\/\/www.sudoestehoje.com.br\/novoportal\/wp-json\/wp\/v2\/users\/2"}],"replies":[{"embeddable":true,"href":"https:\/\/www.sudoestehoje.com.br\/novoportal\/wp-json\/wp\/v2\/comments?post=11976"}],"version-history":[{"count":4,"href":"https:\/\/www.sudoestehoje.com.br\/novoportal\/wp-json\/wp\/v2\/posts\/11976\/revisions"}],"predecessor-version":[{"id":11999,"href":"https:\/\/www.sudoestehoje.com.br\/novoportal\/wp-json\/wp\/v2\/posts\/11976\/revisions\/11999"}],"wp:attachment":[{"href":"https:\/\/www.sudoestehoje.com.br\/novoportal\/wp-json\/wp\/v2\/media?parent=11976"}],"wp:term":[{"taxonomy":"category","embeddable":true,"href":"https:\/\/www.sudoestehoje.com.br\/novoportal\/wp-json\/wp\/v2\/categories?post=11976"},{"taxonomy":"post_tag","embeddable":true,"href":"https:\/\/www.sudoestehoje.com.br\/novoportal\/wp-json\/wp\/v2\/tags?post=11976"}],"curies":[{"name":"wp","href":"https:\/\/api.w.org\/{rel}","templated":true}]}}