
{"id":119754,"date":"2024-11-22T00:20:34","date_gmt":"2024-11-22T03:20:34","guid":{"rendered":"https:\/\/www.sudoestehoje.com.br\/novoportal\/?p=119754"},"modified":"2024-11-22T00:30:25","modified_gmt":"2024-11-22T03:30:25","slug":"apos-ser-indiciado-por-tentativa-de-golpe-bolsonaro-se-manifesta-e-ataca-moraes","status":"publish","type":"post","link":"https:\/\/www.sudoestehoje.com.br\/novoportal\/2024\/11\/22\/apos-ser-indiciado-por-tentativa-de-golpe-bolsonaro-se-manifesta-e-ataca-moraes\/","title":{"rendered":"AP\u00d3S SER INDICIADO POR TENTATIVA DE GOLPE, BOLSONARO SE MANIFESTA E ATACA MORAES; &#8220;FAZ TUDO O QUE N\u00c3O DIZ A LEI&#8221;"},"content":{"rendered":"<p><img loading=\"lazy\" decoding=\"async\" class=\"alignnone wp-image-119755\" src=\"https:\/\/www.sudoestehoje.com.br\/novoportal\/wp-content\/uploads\/2024\/11\/WhatsApp-Image-2024-10-29-at-13.55.16-scaled-1-600x400.jpeg\" alt=\"\" width=\"551\" height=\"367\" srcset=\"https:\/\/www.sudoestehoje.com.br\/novoportal\/wp-content\/uploads\/2024\/11\/WhatsApp-Image-2024-10-29-at-13.55.16-scaled-1-600x400.jpeg 600w, https:\/\/www.sudoestehoje.com.br\/novoportal\/wp-content\/uploads\/2024\/11\/WhatsApp-Image-2024-10-29-at-13.55.16-scaled-1-700x466.jpeg 700w, https:\/\/www.sudoestehoje.com.br\/novoportal\/wp-content\/uploads\/2024\/11\/WhatsApp-Image-2024-10-29-at-13.55.16-scaled-1-768x512.jpeg 768w, https:\/\/www.sudoestehoje.com.br\/novoportal\/wp-content\/uploads\/2024\/11\/WhatsApp-Image-2024-10-29-at-13.55.16-scaled-1-1536x1024.jpeg 1536w, https:\/\/www.sudoestehoje.com.br\/novoportal\/wp-content\/uploads\/2024\/11\/WhatsApp-Image-2024-10-29-at-13.55.16-scaled-1-2048x1365.jpeg 2048w\" sizes=\"auto, (max-width: 551px) 100vw, 551px\" \/><\/p>\n<p><strong>O ex-presidente Jair Bolsonaro reagiu nesta quinta-feira (21) ap\u00f3s ser indiciado pela Pol\u00edcia Federal (PF) por tr\u00eas crimes: tentativa de golpe de Estado, aboli\u00e7\u00e3o violenta do Estado Democr\u00e1tico de Direito e organiza\u00e7\u00e3o criminosa. A manifesta\u00e7\u00e3o foi dada em entrevista ao portal\u00a0<em>Metr\u00f3poles<\/em>, posteriormente compartilhada por Bolsonaro em suas redes sociais.<\/strong><\/p>\n<p><strong>Na conversa, o ex-presidente atacou o ministro Alexandre de Moraes, do Supremo Tribunal Federal (STF), respons\u00e1vel por relatar o caso. Bolsonaro acusou Moraes de conduzir o inqu\u00e9rito de maneira irregular. \u201cO ministro Alexandre de Moraes conduz todo o inqu\u00e9rito, ajusta depoimentos, prende sem den\u00fancia, faz pesca probat\u00f3ria e tem uma assessoria bastante criativa. Faz tudo o que n\u00e3o diz a lei\u201d, afirmou Bolsonaro.<\/strong><\/p>\n<p><strong>O ex-presidente tamb\u00e9m destacou que, diante do indiciamento, aguardar\u00e1 orienta\u00e7\u00f5es de seu advogado antes de se pronunciar mais profundamente. O conte\u00fado do indiciamento segue sob sigilo.<\/strong><\/p>\n<p><strong>\u201cTem que ver o que tem nesse indiciamento da PF. Vou esperar o advogado. Isso, obviamente, vai para a Procuradoria-Geral da Rep\u00fablica. \u00c9 na PGR que come\u00e7a a luta. N\u00e3o posso esperar nada de uma equipe que usa a criatividade para me denunciar\u201d, disse Bolsonaro.<\/strong><\/p>\n","protected":false},"excerpt":{"rendered":"<p>O ex-presidente Jair Bolsonaro reagiu nesta quinta-feira (21) ap\u00f3s ser indiciado pela Pol\u00edcia Federal (PF) por tr\u00eas crimes: tentativa de golpe de Estado, aboli\u00e7\u00e3o violenta do Estado Democr\u00e1tico de Direito e organiza\u00e7\u00e3o criminosa. A manifesta\u00e7\u00e3o foi dada em entrevista ao portal\u00a0Metr\u00f3poles, posteriormente compartilhada por Bolsonaro em suas redes sociais. Na conversa, o ex-presidente atacou o [&hellip;]<\/p>\n","protected":false},"author":2,"featured_media":119755,"comment_status":"closed","ping_status":"open","sticky":false,"template":"","format":"standard","meta":{"footnotes":"","_links_to":"","_links_to_target":""},"categories":[1],"tags":[],"class_list":["post-119754","post","type-post","status-publish","format-standard","has-post-thumbnail","hentry","category-geral"],"views":554,"_links":{"self":[{"href":"https:\/\/www.sudoestehoje.com.br\/novoportal\/wp-json\/wp\/v2\/posts\/119754","targetHints":{"allow":["GET"]}}],"collection":[{"href":"https:\/\/www.sudoestehoje.com.br\/novoportal\/wp-json\/wp\/v2\/posts"}],"about":[{"href":"https:\/\/www.sudoestehoje.com.br\/novoportal\/wp-json\/wp\/v2\/types\/post"}],"author":[{"embeddable":true,"href":"https:\/\/www.sudoestehoje.com.br\/novoportal\/wp-json\/wp\/v2\/users\/2"}],"replies":[{"embeddable":true,"href":"https:\/\/www.sudoestehoje.com.br\/novoportal\/wp-json\/wp\/v2\/comments?post=119754"}],"version-history":[{"count":4,"href":"https:\/\/www.sudoestehoje.com.br\/novoportal\/wp-json\/wp\/v2\/posts\/119754\/revisions"}],"predecessor-version":[{"id":119759,"href":"https:\/\/www.sudoestehoje.com.br\/novoportal\/wp-json\/wp\/v2\/posts\/119754\/revisions\/119759"}],"wp:featuredmedia":[{"embeddable":true,"href":"https:\/\/www.sudoestehoje.com.br\/novoportal\/wp-json\/wp\/v2\/media\/119755"}],"wp:attachment":[{"href":"https:\/\/www.sudoestehoje.com.br\/novoportal\/wp-json\/wp\/v2\/media?parent=119754"}],"wp:term":[{"taxonomy":"category","embeddable":true,"href":"https:\/\/www.sudoestehoje.com.br\/novoportal\/wp-json\/wp\/v2\/categories?post=119754"},{"taxonomy":"post_tag","embeddable":true,"href":"https:\/\/www.sudoestehoje.com.br\/novoportal\/wp-json\/wp\/v2\/tags?post=119754"}],"curies":[{"name":"wp","href":"https:\/\/api.w.org\/{rel}","templated":true}]}}