
{"id":119750,"date":"2024-11-22T00:09:30","date_gmt":"2024-11-22T03:09:30","guid":{"rendered":"https:\/\/www.sudoestehoje.com.br\/novoportal\/?p=119750"},"modified":"2024-11-22T00:09:30","modified_gmt":"2024-11-22T03:09:30","slug":"seu-bolso-apos-periodo-de-baixa-preco-da-carne-volta-a-aumentar-no-brasil","status":"publish","type":"post","link":"https:\/\/www.sudoestehoje.com.br\/novoportal\/2024\/11\/22\/seu-bolso-apos-periodo-de-baixa-preco-da-carne-volta-a-aumentar-no-brasil\/","title":{"rendered":"SEU BOLSO | AP\u00d3S PER\u00cdODO DE BAIXA, PRE\u00c7O DA CARNE VOLTA A AUMENTAR NO BRASIL"},"content":{"rendered":"<p data-track-category=\"Link no Texto\" data-track-links=\"\" data-mrf-recirculation=\"Artigo - Links Texto\"><img loading=\"lazy\" decoding=\"async\" class=\"alignnone  wp-image-119752\" src=\"https:\/\/www.sudoestehoje.com.br\/novoportal\/wp-content\/uploads\/2024\/11\/a3e46702-becc-4a64-83f0-d25efb3be180_carne_h-600x320.jpg\" alt=\"\" width=\"549\" height=\"293\" srcset=\"https:\/\/www.sudoestehoje.com.br\/novoportal\/wp-content\/uploads\/2024\/11\/a3e46702-becc-4a64-83f0-d25efb3be180_carne_h-600x320.jpg 600w, https:\/\/www.sudoestehoje.com.br\/novoportal\/wp-content\/uploads\/2024\/11\/a3e46702-becc-4a64-83f0-d25efb3be180_carne_h-700x374.jpg 700w, https:\/\/www.sudoestehoje.com.br\/novoportal\/wp-content\/uploads\/2024\/11\/a3e46702-becc-4a64-83f0-d25efb3be180_carne_h.jpg 749w\" sizes=\"auto, (max-width: 549px) 100vw, 549px\" \/><\/p>\n<p data-track-category=\"Link no Texto\" data-track-links=\"\" data-mrf-recirculation=\"Artigo - Links Texto\"><strong>Os pre\u00e7os das carnes voltaram a subir em setembro e outubro no Brasil, impulsionadas pela alta no valor da prote\u00edna bovina, ap\u00f3s um ano e meio em queda. As informa\u00e7\u00f5es s\u00e3o do site G1.<\/strong><\/p>\n<p class=\" content-text__container \" data-track-category=\"Link no Texto\" data-track-links=\"\" data-mrf-recirculation=\"Artigo - Links Texto\"><strong>Nos 12 meses encerrados em outubro, as\u00a0carnes ficaram 8% mais caras\u00a0aos brasileiros, com destaque para cortes populares, como o\u00a0<span class=\"highlight highlighted\">patinho (11,5%), ac\u00e9m (10%) e contrafil\u00e9 (9%),<\/span>\u00a0mostra o Instituto Brasileiro de Geografia e Estat\u00edstica (IBGE). Quatro fatores ajudam a explicar a alta de pre\u00e7os: ciclo pecu\u00e1rio, clima, exporta\u00e7\u00f5es e renda.<\/strong><\/p>\n<p class=\" content-text__container \" data-track-category=\"Link no Texto\" data-track-links=\"\" data-mrf-recirculation=\"Artigo - Links Texto\"><strong>A quest\u00e3o do ciclo pecu\u00e1rio influenciou, pois ap\u00f3s\u00a0dois anos de muitos abates, a oferta de bois vai come\u00e7ar a diminuir no campo.<\/strong><\/p>\n<p data-track-category=\"Link no Texto\" data-track-links=\"\" data-mrf-recirculation=\"Artigo - Links Texto\"><strong>As seca e queimadas prejudicaram a forma\u00e7\u00e3o de pastos, principal alimento do boi. O Brasil \u00e9 o maior exportador de carne bovina do mundo e vem batendo recordes de vendas. Al\u00e9m disso,\u00a0 aqueda do desemprego e valoriza\u00e7\u00e3o do sal\u00e1rio m\u00ednimo estimularam compras de carnes.<\/strong><\/p>\n","protected":false},"excerpt":{"rendered":"<p>Os pre\u00e7os das carnes voltaram a subir em setembro e outubro no Brasil, impulsionadas pela alta no valor da prote\u00edna bovina, ap\u00f3s um ano e meio em queda. As informa\u00e7\u00f5es s\u00e3o do site G1. Nos 12 meses encerrados em outubro, as\u00a0carnes ficaram 8% mais caras\u00a0aos brasileiros, com destaque para cortes populares, como o\u00a0patinho (11,5%), ac\u00e9m [&hellip;]<\/p>\n","protected":false},"author":2,"featured_media":119752,"comment_status":"closed","ping_status":"open","sticky":false,"template":"","format":"standard","meta":{"footnotes":"","_links_to":"","_links_to_target":""},"categories":[1],"tags":[],"class_list":["post-119750","post","type-post","status-publish","format-standard","has-post-thumbnail","hentry","category-geral"],"views":615,"_links":{"self":[{"href":"https:\/\/www.sudoestehoje.com.br\/novoportal\/wp-json\/wp\/v2\/posts\/119750","targetHints":{"allow":["GET"]}}],"collection":[{"href":"https:\/\/www.sudoestehoje.com.br\/novoportal\/wp-json\/wp\/v2\/posts"}],"about":[{"href":"https:\/\/www.sudoestehoje.com.br\/novoportal\/wp-json\/wp\/v2\/types\/post"}],"author":[{"embeddable":true,"href":"https:\/\/www.sudoestehoje.com.br\/novoportal\/wp-json\/wp\/v2\/users\/2"}],"replies":[{"embeddable":true,"href":"https:\/\/www.sudoestehoje.com.br\/novoportal\/wp-json\/wp\/v2\/comments?post=119750"}],"version-history":[{"count":2,"href":"https:\/\/www.sudoestehoje.com.br\/novoportal\/wp-json\/wp\/v2\/posts\/119750\/revisions"}],"predecessor-version":[{"id":119753,"href":"https:\/\/www.sudoestehoje.com.br\/novoportal\/wp-json\/wp\/v2\/posts\/119750\/revisions\/119753"}],"wp:featuredmedia":[{"embeddable":true,"href":"https:\/\/www.sudoestehoje.com.br\/novoportal\/wp-json\/wp\/v2\/media\/119752"}],"wp:attachment":[{"href":"https:\/\/www.sudoestehoje.com.br\/novoportal\/wp-json\/wp\/v2\/media?parent=119750"}],"wp:term":[{"taxonomy":"category","embeddable":true,"href":"https:\/\/www.sudoestehoje.com.br\/novoportal\/wp-json\/wp\/v2\/categories?post=119750"},{"taxonomy":"post_tag","embeddable":true,"href":"https:\/\/www.sudoestehoje.com.br\/novoportal\/wp-json\/wp\/v2\/tags?post=119750"}],"curies":[{"name":"wp","href":"https:\/\/api.w.org\/{rel}","templated":true}]}}