
{"id":119745,"date":"2024-11-19T20:26:06","date_gmt":"2024-11-19T23:26:06","guid":{"rendered":"https:\/\/www.sudoestehoje.com.br\/novoportal\/?p=119745"},"modified":"2024-11-19T20:26:06","modified_gmt":"2024-11-19T23:26:06","slug":"urgente-tse-confirma-vitoria-de-sheila-lemos-como-prefeita-de-conquista","status":"publish","type":"post","link":"https:\/\/www.sudoestehoje.com.br\/novoportal\/2024\/11\/19\/urgente-tse-confirma-vitoria-de-sheila-lemos-como-prefeita-de-conquista\/","title":{"rendered":"URGENTE! TSE CONFIRMA VIT\u00d3RIA DE SHEILA LEMOS COMO PREFEITA DE CONQUISTA"},"content":{"rendered":"<p><img loading=\"lazy\" decoding=\"async\" class=\"alignnone  wp-image-119746\" src=\"https:\/\/www.sudoestehoje.com.br\/novoportal\/wp-content\/uploads\/2024\/11\/Vitoria-da-Conquista-Sheila-Lemos-1-jpg-600x364.webp\" alt=\"\" width=\"549\" height=\"333\" srcset=\"https:\/\/www.sudoestehoje.com.br\/novoportal\/wp-content\/uploads\/2024\/11\/Vitoria-da-Conquista-Sheila-Lemos-1-jpg-600x364.webp 600w, https:\/\/www.sudoestehoje.com.br\/novoportal\/wp-content\/uploads\/2024\/11\/Vitoria-da-Conquista-Sheila-Lemos-1-jpg.webp 660w\" sizes=\"auto, (max-width: 549px) 100vw, 549px\" \/><\/p>\n<p><strong>A Prefeita de Vit\u00f3ria da Conquista, Sheila Lemos, obteve mais uma vit\u00f3ria na justi\u00e7a. A gestora, que foi reeleita no primeiro turno h\u00e1 pouco mais de um m\u00eas, teve o seu registro de candidatura deferido pelo TSE (Tribunal Superior Eleitoral), nesta ter\u00e7a-feira (19).<\/strong><\/p>\n<p><strong><em>\u201cAcabo de receber uma liga\u00e7\u00e3o de nosso advogado em Bras\u00edlia e estamos com nosso registro de candidatura confirmado pelo Ministro do TSE, por isso que eu sempre falei para voc\u00eas na campanha que era candidat\u00edssima que iria receber os votos dos conquistenses\u201d,<\/em> disse a prefeita atrav\u00e9s de uma live. \/\/Blog do Rodrigo Ferraz<\/strong><\/p>\n","protected":false},"excerpt":{"rendered":"<p>A Prefeita de Vit\u00f3ria da Conquista, Sheila Lemos, obteve mais uma vit\u00f3ria na justi\u00e7a. A gestora, que foi reeleita no primeiro turno h\u00e1 pouco mais de um m\u00eas, teve o seu registro de candidatura deferido pelo TSE (Tribunal Superior Eleitoral), nesta ter\u00e7a-feira (19). \u201cAcabo de receber uma liga\u00e7\u00e3o de nosso advogado em Bras\u00edlia e estamos [&hellip;]<\/p>\n","protected":false},"author":2,"featured_media":119746,"comment_status":"closed","ping_status":"open","sticky":false,"template":"","format":"standard","meta":{"footnotes":"","_links_to":"","_links_to_target":""},"categories":[1],"tags":[],"class_list":["post-119745","post","type-post","status-publish","format-standard","has-post-thumbnail","hentry","category-geral"],"views":1321,"_links":{"self":[{"href":"https:\/\/www.sudoestehoje.com.br\/novoportal\/wp-json\/wp\/v2\/posts\/119745","targetHints":{"allow":["GET"]}}],"collection":[{"href":"https:\/\/www.sudoestehoje.com.br\/novoportal\/wp-json\/wp\/v2\/posts"}],"about":[{"href":"https:\/\/www.sudoestehoje.com.br\/novoportal\/wp-json\/wp\/v2\/types\/post"}],"author":[{"embeddable":true,"href":"https:\/\/www.sudoestehoje.com.br\/novoportal\/wp-json\/wp\/v2\/users\/2"}],"replies":[{"embeddable":true,"href":"https:\/\/www.sudoestehoje.com.br\/novoportal\/wp-json\/wp\/v2\/comments?post=119745"}],"version-history":[{"count":2,"href":"https:\/\/www.sudoestehoje.com.br\/novoportal\/wp-json\/wp\/v2\/posts\/119745\/revisions"}],"predecessor-version":[{"id":119748,"href":"https:\/\/www.sudoestehoje.com.br\/novoportal\/wp-json\/wp\/v2\/posts\/119745\/revisions\/119748"}],"wp:featuredmedia":[{"embeddable":true,"href":"https:\/\/www.sudoestehoje.com.br\/novoportal\/wp-json\/wp\/v2\/media\/119746"}],"wp:attachment":[{"href":"https:\/\/www.sudoestehoje.com.br\/novoportal\/wp-json\/wp\/v2\/media?parent=119745"}],"wp:term":[{"taxonomy":"category","embeddable":true,"href":"https:\/\/www.sudoestehoje.com.br\/novoportal\/wp-json\/wp\/v2\/categories?post=119745"},{"taxonomy":"post_tag","embeddable":true,"href":"https:\/\/www.sudoestehoje.com.br\/novoportal\/wp-json\/wp\/v2\/tags?post=119745"}],"curies":[{"name":"wp","href":"https:\/\/api.w.org\/{rel}","templated":true}]}}