
{"id":11973,"date":"2012-01-11T21:03:02","date_gmt":"2012-01-12T00:03:02","guid":{"rendered":"http:\/\/www.sudoestehoje.com.br\/novoportal\/?p=11973"},"modified":"2012-01-11T21:03:02","modified_gmt":"2012-01-12T00:03:02","slug":"azaleia-derruba-liminar-da-justica-e-vai-demitir-funcionarios","status":"publish","type":"post","link":"https:\/\/www.sudoestehoje.com.br\/novoportal\/2012\/01\/11\/azaleia-derruba-liminar-da-justica-e-vai-demitir-funcionarios\/","title":{"rendered":"AZAL\u00c9IA DERRUBA LIMINAR DA JUSTI\u00c7A E VAI DEMITIR FUNCION\u00c1RIOS"},"content":{"rendered":"<p style=\"text-align: center;\"><img decoding=\"async\" class=\"aligncenter\" src=\"http:\/\/www.blogdaresenhageral.com.br\/v1\/wp-content\/uploads\/get_img1.jpg\" alt=\"\" width=\"400\" \/><\/p>\n<p>ITAPETINGA: A Vulcabr\u00e1s\/Azal\u00e9ia conseguiu cassar a liminar concedida pelo TRT, que suspendia as demiss\u00f5es anunciadas pela empresa, no m\u00eas passado, depois do fechamento de seis filiais da ind\u00fastria cal\u00e7adista na regi\u00e3o. A liminar concedida pela ju\u00edza plantonista Ana L\u00facia Moreira \u00c1lvares, atendia pedido formulado pelo Minist\u00e9rio P\u00fablico do Trabalho em a\u00e7\u00e3o civil p\u00fablica ajuizada no dia 20 dezembro de 2011.<\/p>\n<p>Com a suspens\u00e3o da liminar, a Azal\u00e9ia est\u00e1 livre para demitir 1.500 funcion\u00e1rios que n\u00e3o concordarem em ser transferidos para outras filiais da regi\u00e3o.\u00a0A Justi\u00e7a do Trabalho tinha dado prazo de 10 dias para a empresa estabelecer negocia\u00e7\u00e3o com o sindicato dos trabalhadores, visando reduzir o impacto social da medida, e estabelecer crit\u00e9rios para os que optarem pela perman\u00eancia ou pela demiss\u00e3o.<\/p>\n<p>O site Itapetinga Net tentou entrar em contato por telefone com a sede do sindicato e n\u00e3o obteve sucesso. Entretanto, n\u00e3o foi anunciada nenhuma negocia\u00e7\u00e3o entre sindicalistas e a dire\u00e7\u00e3o da empresa, como se esperava. Informa\u00e7\u00f5es do <em>Itapetinganet.<\/em><\/p>\n","protected":false},"excerpt":{"rendered":"<p>ITAPETINGA: A Vulcabr\u00e1s\/Azal\u00e9ia conseguiu cassar a liminar concedida pelo TRT, que suspendia as demiss\u00f5es anunciadas pela empresa, no m\u00eas passado, depois do fechamento de seis filiais da ind\u00fastria cal\u00e7adista na regi\u00e3o. A liminar concedida pela ju\u00edza plantonista Ana L\u00facia Moreira \u00c1lvares, atendia pedido formulado pelo Minist\u00e9rio P\u00fablico do Trabalho em a\u00e7\u00e3o civil p\u00fablica ajuizada no [&hellip;]<\/p>\n","protected":false},"author":2,"featured_media":0,"comment_status":"open","ping_status":"open","sticky":false,"template":"","format":"standard","meta":{"footnotes":"","_links_to":"","_links_to_target":""},"categories":[1],"tags":[],"class_list":["post-11973","post","type-post","status-publish","format-standard","hentry","category-geral"],"views":1099,"_links":{"self":[{"href":"https:\/\/www.sudoestehoje.com.br\/novoportal\/wp-json\/wp\/v2\/posts\/11973","targetHints":{"allow":["GET"]}}],"collection":[{"href":"https:\/\/www.sudoestehoje.com.br\/novoportal\/wp-json\/wp\/v2\/posts"}],"about":[{"href":"https:\/\/www.sudoestehoje.com.br\/novoportal\/wp-json\/wp\/v2\/types\/post"}],"author":[{"embeddable":true,"href":"https:\/\/www.sudoestehoje.com.br\/novoportal\/wp-json\/wp\/v2\/users\/2"}],"replies":[{"embeddable":true,"href":"https:\/\/www.sudoestehoje.com.br\/novoportal\/wp-json\/wp\/v2\/comments?post=11973"}],"version-history":[{"count":2,"href":"https:\/\/www.sudoestehoje.com.br\/novoportal\/wp-json\/wp\/v2\/posts\/11973\/revisions"}],"predecessor-version":[{"id":11975,"href":"https:\/\/www.sudoestehoje.com.br\/novoportal\/wp-json\/wp\/v2\/posts\/11973\/revisions\/11975"}],"wp:attachment":[{"href":"https:\/\/www.sudoestehoje.com.br\/novoportal\/wp-json\/wp\/v2\/media?parent=11973"}],"wp:term":[{"taxonomy":"category","embeddable":true,"href":"https:\/\/www.sudoestehoje.com.br\/novoportal\/wp-json\/wp\/v2\/categories?post=11973"},{"taxonomy":"post_tag","embeddable":true,"href":"https:\/\/www.sudoestehoje.com.br\/novoportal\/wp-json\/wp\/v2\/tags?post=11973"}],"curies":[{"name":"wp","href":"https:\/\/api.w.org\/{rel}","templated":true}]}}