
{"id":119729,"date":"2024-11-18T20:41:10","date_gmt":"2024-11-18T23:41:10","guid":{"rendered":"https:\/\/www.sudoestehoje.com.br\/novoportal\/?p=119729"},"modified":"2024-11-18T20:41:10","modified_gmt":"2024-11-18T23:41:10","slug":"eleicao-da-oab-bahia-acontece-nesta-terca-na-capital-e-interior-do-estado","status":"publish","type":"post","link":"https:\/\/www.sudoestehoje.com.br\/novoportal\/2024\/11\/18\/eleicao-da-oab-bahia-acontece-nesta-terca-na-capital-e-interior-do-estado\/","title":{"rendered":"ELEI\u00c7\u00c3O DA OAB BAHIA ACONTECE NESTA TER\u00c7A NA CAPITAL E INTERIOR DO ESTADO"},"content":{"rendered":"<p><img loading=\"lazy\" decoding=\"async\" class=\"alignnone  wp-image-119730\" src=\"https:\/\/www.sudoestehoje.com.br\/novoportal\/wp-content\/uploads\/2024\/11\/114921por-determinacao-da-justica-inadimplentes-nao-poderao-votar-nas-eleicoes-da-oab-ba-3.jpg\" alt=\"\" width=\"549\" height=\"384\" \/><\/p>\n<p><strong>Nesta ter\u00e7a (19\/11), advogadas e advogados baianos participar\u00e3o das elei\u00e7\u00f5es para provimento dos cargos eletivos da OAB da Bahia para o tri\u00eanio 2025-2027.<\/strong><\/p>\n<p><strong>As elei\u00e7\u00f5es ser\u00e3o realizadas das 9 \u00e0s 17h, exclusivamente em formato presencial, em Salvador, na Tenda do Piso L3 do Shopping da Bahia, e em mais 48 locais espalhados pelas 37 subse\u00e7\u00f5es da OAB-BA em todo o estado.<\/strong><\/p>\n<p><strong>Os locais de vota\u00e7\u00e3o e demais informa\u00e7\u00f5es podem ser consultados no site:\u00a0<a href=\"https:\/\/eleicoes2024.oab-ba.org.br\/\" target=\"_blank\" rel=\"noopener noreferrer\">https:\/\/eleicoes2024.oab-ba.org.br<\/a>.<\/strong><\/p>\n<p><strong>O voto \u00e9 obrigat\u00f3rio para todos advogados e advogadas adimplentes com a seccional, exceto para aqueles com mais de 70 anos, para quem o voto \u00e9 facultativo. Al\u00e9m da diretoria da seccional, ser\u00e3o escolhidos conselheiros seccionais, conselheiros federais pela Bahia, a diretoria da Caixa de Assist\u00eancia dos Advogados (CAAB) e as diretorias das 37 subse\u00e7\u00f5es da OAB-BA, conforme o Edital n. 046\/2024-CP, disponibilizado no Di\u00e1rio Eletr\u00f4nico da OAB.\u00a0<\/strong><\/p>\n<p><strong>Para os que forem votar no Shopping da Bahia, a primeira hora de estacionamento ser\u00e1 gratuita. Os advogados que n\u00e3o puderem comparecer poder\u00e3o justificar sua aus\u00eancia no prazo de 30 dias ap\u00f3s as elei\u00e7\u00f5es, entre 21\/11 e 20\/12.\u00a0<\/strong><\/p>\n","protected":false},"excerpt":{"rendered":"<p>Nesta ter\u00e7a (19\/11), advogadas e advogados baianos participar\u00e3o das elei\u00e7\u00f5es para provimento dos cargos eletivos da OAB da Bahia para o tri\u00eanio 2025-2027. As elei\u00e7\u00f5es ser\u00e3o realizadas das 9 \u00e0s 17h, exclusivamente em formato presencial, em Salvador, na Tenda do Piso L3 do Shopping da Bahia, e em mais 48 locais espalhados pelas 37 subse\u00e7\u00f5es [&hellip;]<\/p>\n","protected":false},"author":2,"featured_media":119730,"comment_status":"closed","ping_status":"open","sticky":false,"template":"","format":"standard","meta":{"footnotes":"","_links_to":"","_links_to_target":""},"categories":[1],"tags":[],"class_list":["post-119729","post","type-post","status-publish","format-standard","has-post-thumbnail","hentry","category-geral"],"views":563,"_links":{"self":[{"href":"https:\/\/www.sudoestehoje.com.br\/novoportal\/wp-json\/wp\/v2\/posts\/119729","targetHints":{"allow":["GET"]}}],"collection":[{"href":"https:\/\/www.sudoestehoje.com.br\/novoportal\/wp-json\/wp\/v2\/posts"}],"about":[{"href":"https:\/\/www.sudoestehoje.com.br\/novoportal\/wp-json\/wp\/v2\/types\/post"}],"author":[{"embeddable":true,"href":"https:\/\/www.sudoestehoje.com.br\/novoportal\/wp-json\/wp\/v2\/users\/2"}],"replies":[{"embeddable":true,"href":"https:\/\/www.sudoestehoje.com.br\/novoportal\/wp-json\/wp\/v2\/comments?post=119729"}],"version-history":[{"count":1,"href":"https:\/\/www.sudoestehoje.com.br\/novoportal\/wp-json\/wp\/v2\/posts\/119729\/revisions"}],"predecessor-version":[{"id":119731,"href":"https:\/\/www.sudoestehoje.com.br\/novoportal\/wp-json\/wp\/v2\/posts\/119729\/revisions\/119731"}],"wp:featuredmedia":[{"embeddable":true,"href":"https:\/\/www.sudoestehoje.com.br\/novoportal\/wp-json\/wp\/v2\/media\/119730"}],"wp:attachment":[{"href":"https:\/\/www.sudoestehoje.com.br\/novoportal\/wp-json\/wp\/v2\/media?parent=119729"}],"wp:term":[{"taxonomy":"category","embeddable":true,"href":"https:\/\/www.sudoestehoje.com.br\/novoportal\/wp-json\/wp\/v2\/categories?post=119729"},{"taxonomy":"post_tag","embeddable":true,"href":"https:\/\/www.sudoestehoje.com.br\/novoportal\/wp-json\/wp\/v2\/tags?post=119729"}],"curies":[{"name":"wp","href":"https:\/\/api.w.org\/{rel}","templated":true}]}}