
{"id":119726,"date":"2024-11-18T11:55:16","date_gmt":"2024-11-18T14:55:16","guid":{"rendered":"https:\/\/www.sudoestehoje.com.br\/novoportal\/?p=119726"},"modified":"2024-11-18T11:55:16","modified_gmt":"2024-11-18T14:55:16","slug":"justica-anula-concurso-da-ufba-por-parentesco-entre-candidata-e-membro-da-banca-examinadora","status":"publish","type":"post","link":"https:\/\/www.sudoestehoje.com.br\/novoportal\/2024\/11\/18\/justica-anula-concurso-da-ufba-por-parentesco-entre-candidata-e-membro-da-banca-examinadora\/","title":{"rendered":"JUSTI\u00c7A ANULA CONCURSO DA UFBA POR PARENTESCO ENTRE CANDIDATA E MEMBRO DA BANCA EXAMINADORA"},"content":{"rendered":"<p><img loading=\"lazy\" decoding=\"async\" class=\"alignnone  wp-image-119727\" src=\"https:\/\/www.sudoestehoje.com.br\/novoportal\/wp-content\/uploads\/2024\/11\/ufba-perdeu-posicao-em-um-ano-2497834-article.jpg\" alt=\"\" width=\"551\" height=\"310\" \/><\/p>\n<p><strong>A Justi\u00e7a Federal anulou o concurso p\u00fablico da Universidade Federal da Bahia (Ufba) para o cargo de professor, regido pelo Edital n\u00ba 8\/2022, devido \u00e0 comprova\u00e7\u00e3o de v\u00ednculos entre uma candidata aprovada e dois membros da banca examinadora. A decis\u00e3o foi emitida no dia 6 de novembro pelo juiz Avio Mozar Jose Ferraz de Novaes, apontando comprometimento da imparcialidade na avalia\u00e7\u00e3o.<\/strong><\/p>\n<p><strong>Conforme divulgado pelo Jornal Correios, as rela\u00e7\u00f5es de amizade foram comprovadas por intera\u00e7\u00f5es em redes sociais, participa\u00e7\u00e3o conjunta em eventos cient\u00edficos e, em um caso, v\u00ednculo acad\u00eamico. Um dos examinadores havia atuado como orientador da candidata em projetos anteriores, situa\u00e7\u00e3o considerada incompat\u00edvel com os princ\u00edpios de isonomia exigidos para concursos p\u00fablicos.<\/strong><\/p>\n<p><strong>A a\u00e7\u00e3o judicial foi movida por outro candidato, que alegou ter sido prejudicado por favorecimento no processo seletivo. Diante das evid\u00eancias, o magistrado determinou a anula\u00e7\u00e3o da banca e de todas as etapas j\u00e1 realizadas, refor\u00e7ando a necessidade de um julgamento t\u00e9cnico e imparcial.<\/strong><\/p>\n<p><strong>Ainda segundo o site, at\u00e9 o momento, a Ufba n\u00e3o se pronunciou oficialmente sobre a decis\u00e3o.<\/strong><\/p>\n","protected":false},"excerpt":{"rendered":"<p>A Justi\u00e7a Federal anulou o concurso p\u00fablico da Universidade Federal da Bahia (Ufba) para o cargo de professor, regido pelo Edital n\u00ba 8\/2022, devido \u00e0 comprova\u00e7\u00e3o de v\u00ednculos entre uma candidata aprovada e dois membros da banca examinadora. A decis\u00e3o foi emitida no dia 6 de novembro pelo juiz Avio Mozar Jose Ferraz de Novaes, [&hellip;]<\/p>\n","protected":false},"author":2,"featured_media":119727,"comment_status":"closed","ping_status":"open","sticky":false,"template":"","format":"standard","meta":{"footnotes":"","_links_to":"","_links_to_target":""},"categories":[1],"tags":[],"class_list":["post-119726","post","type-post","status-publish","format-standard","has-post-thumbnail","hentry","category-geral"],"views":450,"_links":{"self":[{"href":"https:\/\/www.sudoestehoje.com.br\/novoportal\/wp-json\/wp\/v2\/posts\/119726","targetHints":{"allow":["GET"]}}],"collection":[{"href":"https:\/\/www.sudoestehoje.com.br\/novoportal\/wp-json\/wp\/v2\/posts"}],"about":[{"href":"https:\/\/www.sudoestehoje.com.br\/novoportal\/wp-json\/wp\/v2\/types\/post"}],"author":[{"embeddable":true,"href":"https:\/\/www.sudoestehoje.com.br\/novoportal\/wp-json\/wp\/v2\/users\/2"}],"replies":[{"embeddable":true,"href":"https:\/\/www.sudoestehoje.com.br\/novoportal\/wp-json\/wp\/v2\/comments?post=119726"}],"version-history":[{"count":1,"href":"https:\/\/www.sudoestehoje.com.br\/novoportal\/wp-json\/wp\/v2\/posts\/119726\/revisions"}],"predecessor-version":[{"id":119728,"href":"https:\/\/www.sudoestehoje.com.br\/novoportal\/wp-json\/wp\/v2\/posts\/119726\/revisions\/119728"}],"wp:featuredmedia":[{"embeddable":true,"href":"https:\/\/www.sudoestehoje.com.br\/novoportal\/wp-json\/wp\/v2\/media\/119727"}],"wp:attachment":[{"href":"https:\/\/www.sudoestehoje.com.br\/novoportal\/wp-json\/wp\/v2\/media?parent=119726"}],"wp:term":[{"taxonomy":"category","embeddable":true,"href":"https:\/\/www.sudoestehoje.com.br\/novoportal\/wp-json\/wp\/v2\/categories?post=119726"},{"taxonomy":"post_tag","embeddable":true,"href":"https:\/\/www.sudoestehoje.com.br\/novoportal\/wp-json\/wp\/v2\/tags?post=119726"}],"curies":[{"name":"wp","href":"https:\/\/api.w.org\/{rel}","templated":true}]}}