
{"id":119723,"date":"2024-11-18T11:48:19","date_gmt":"2024-11-18T14:48:19","guid":{"rendered":"https:\/\/www.sudoestehoje.com.br\/novoportal\/?p=119723"},"modified":"2024-11-18T11:48:19","modified_gmt":"2024-11-18T14:48:19","slug":"eliminatorias-brasil-enfrenta-uruguai-nesta-terca-na-fonte-nova","status":"publish","type":"post","link":"https:\/\/www.sudoestehoje.com.br\/novoportal\/2024\/11\/18\/eliminatorias-brasil-enfrenta-uruguai-nesta-terca-na-fonte-nova\/","title":{"rendered":"ELIMINAT\u00d3RIAS | BRASIL ENFRENTA URUGUAI NESTA TER\u00c7A NA FONTE NOVA"},"content":{"rendered":"<p><img loading=\"lazy\" decoding=\"async\" class=\"alignnone  wp-image-119724\" src=\"https:\/\/www.sudoestehoje.com.br\/novoportal\/wp-content\/uploads\/2024\/11\/selecao.jpg\" alt=\"\" width=\"551\" height=\"344\" \/><\/p>\n<p><strong>A Sele\u00e7\u00e3o Brasileira entra em campo nesta ter\u00e7a-feira (19), \u00e0s 21h45, para enfrentar o Uruguai na Casa de Apostas Arena Fonte Nova, em Salvador. A partida \u00e9 v\u00e1lida pela d\u00e9cima segunda rodada das Eliminat\u00f3rias da Copa do Mundo de 2026 e representa uma oportunidade para o Brasil encostar na lideran\u00e7a, atualmente aquecido pela Argentina.<\/strong><\/p>\n<p><strong>Sob o comando do t\u00e9cnico Dorival J\u00fanior, a equipe realizou segundo no domingo (17) o \u00faltimo treino antes do confronto, no Est\u00e1dio Manoel Barradas (Barrad\u00e3o). A atividade foi aberta ao p\u00fablico, permitindo que os torcedores acompanhassem de perto os preparativos da sele\u00e7\u00e3o.<\/strong><\/p>\n<p><strong>Durante o treino, Dorival trabalhou aspectos t\u00e9cnicos e t\u00e1ticos da equipe. Os jogadores participaram de exerc\u00edcios de cruzamentos ofensivos e defensivos, al\u00e9m de sess\u00f5es externas \u00e0 finaliza\u00e7\u00e3o e as situa\u00e7\u00f5es simuladas de jogo, buscando ajustes para o confronto decisivo contra os uruguaios.<\/strong><\/p>\n<p><strong>Com a expectativa de um grande p\u00fablico na Fonte Nova, a partida promete ser um duelo emocionante, marcando um momento importante na caminhada do Brasil rumo \u00e0 classifica\u00e7\u00e3o para o Mundial de 2026.<\/strong><\/p>\n","protected":false},"excerpt":{"rendered":"<p>A Sele\u00e7\u00e3o Brasileira entra em campo nesta ter\u00e7a-feira (19), \u00e0s 21h45, para enfrentar o Uruguai na Casa de Apostas Arena Fonte Nova, em Salvador. A partida \u00e9 v\u00e1lida pela d\u00e9cima segunda rodada das Eliminat\u00f3rias da Copa do Mundo de 2026 e representa uma oportunidade para o Brasil encostar na lideran\u00e7a, atualmente aquecido pela Argentina. Sob [&hellip;]<\/p>\n","protected":false},"author":2,"featured_media":119724,"comment_status":"closed","ping_status":"open","sticky":false,"template":"","format":"standard","meta":{"footnotes":"","_links_to":"","_links_to_target":""},"categories":[1],"tags":[],"class_list":["post-119723","post","type-post","status-publish","format-standard","has-post-thumbnail","hentry","category-geral"],"views":457,"_links":{"self":[{"href":"https:\/\/www.sudoestehoje.com.br\/novoportal\/wp-json\/wp\/v2\/posts\/119723","targetHints":{"allow":["GET"]}}],"collection":[{"href":"https:\/\/www.sudoestehoje.com.br\/novoportal\/wp-json\/wp\/v2\/posts"}],"about":[{"href":"https:\/\/www.sudoestehoje.com.br\/novoportal\/wp-json\/wp\/v2\/types\/post"}],"author":[{"embeddable":true,"href":"https:\/\/www.sudoestehoje.com.br\/novoportal\/wp-json\/wp\/v2\/users\/2"}],"replies":[{"embeddable":true,"href":"https:\/\/www.sudoestehoje.com.br\/novoportal\/wp-json\/wp\/v2\/comments?post=119723"}],"version-history":[{"count":1,"href":"https:\/\/www.sudoestehoje.com.br\/novoportal\/wp-json\/wp\/v2\/posts\/119723\/revisions"}],"predecessor-version":[{"id":119725,"href":"https:\/\/www.sudoestehoje.com.br\/novoportal\/wp-json\/wp\/v2\/posts\/119723\/revisions\/119725"}],"wp:featuredmedia":[{"embeddable":true,"href":"https:\/\/www.sudoestehoje.com.br\/novoportal\/wp-json\/wp\/v2\/media\/119724"}],"wp:attachment":[{"href":"https:\/\/www.sudoestehoje.com.br\/novoportal\/wp-json\/wp\/v2\/media?parent=119723"}],"wp:term":[{"taxonomy":"category","embeddable":true,"href":"https:\/\/www.sudoestehoje.com.br\/novoportal\/wp-json\/wp\/v2\/categories?post=119723"},{"taxonomy":"post_tag","embeddable":true,"href":"https:\/\/www.sudoestehoje.com.br\/novoportal\/wp-json\/wp\/v2\/tags?post=119723"}],"curies":[{"name":"wp","href":"https:\/\/api.w.org\/{rel}","templated":true}]}}