
{"id":119713,"date":"2024-11-15T08:55:16","date_gmt":"2024-11-15T11:55:16","guid":{"rendered":"https:\/\/www.sudoestehoje.com.br\/novoportal\/?p=119713"},"modified":"2024-11-15T09:09:20","modified_gmt":"2024-11-15T12:09:20","slug":"itapetinga-dono-da-ideal-modas-morre-atropelado-na-ba-263-quando-praticava-ciclismo","status":"publish","type":"post","link":"https:\/\/www.sudoestehoje.com.br\/novoportal\/2024\/11\/15\/itapetinga-dono-da-ideal-modas-morre-atropelado-na-ba-263-quando-praticava-ciclismo\/","title":{"rendered":"ITAPETINGA | DONO DA IDEAL MODAS MORRE ATROPELADO NA BA-263 QUANDO PRATICAVA CICLISMO"},"content":{"rendered":"<p><img loading=\"lazy\" decoding=\"async\" class=\"alignnone wp-image-119715\" src=\"https:\/\/www.sudoestehoje.com.br\/novoportal\/wp-content\/uploads\/2024\/11\/8fb82127-215e-41f5-8aea-6318c4d0d47d-600x325.jpg\" alt=\"\" width=\"550\" height=\"298\" srcset=\"https:\/\/www.sudoestehoje.com.br\/novoportal\/wp-content\/uploads\/2024\/11\/8fb82127-215e-41f5-8aea-6318c4d0d47d-600x325.jpg 600w, https:\/\/www.sudoestehoje.com.br\/novoportal\/wp-content\/uploads\/2024\/11\/8fb82127-215e-41f5-8aea-6318c4d0d47d-700x380.jpg 700w, https:\/\/www.sudoestehoje.com.br\/novoportal\/wp-content\/uploads\/2024\/11\/8fb82127-215e-41f5-8aea-6318c4d0d47d-768x416.jpg 768w, https:\/\/www.sudoestehoje.com.br\/novoportal\/wp-content\/uploads\/2024\/11\/8fb82127-215e-41f5-8aea-6318c4d0d47d.jpg 1079w\" sizes=\"auto, (max-width: 550px) 100vw, 550px\" \/><\/p>\n<p><strong>Na manh\u00e3 desta sexta-feira (15), o lojista Jos\u00e9 Ant\u00f4nio de Oliveira, 69 anos, propriet\u00e1rio da Ideal Modas, perdeu a vida ao ser atropelado por um ve\u00edculo, no momento em praticava ciclismo no trecho urbano da BA-263, nas proximidades do frigor\u00edfico Frigosol, em Itapetinga.\u00a0<\/strong><\/p>\n<p><strong>Comerciante pr\u00f3spero, o Sr. Ant\u00f4nio era pessoa querida na sociedade itapetinguense e regional, e a sua morte tr\u00e1gica chocou a popula\u00e7\u00e3o.<\/strong><\/p>\n<p><img loading=\"lazy\" decoding=\"async\" class=\"alignnone  wp-image-119719\" src=\"https:\/\/www.sudoestehoje.com.br\/novoportal\/wp-content\/uploads\/2024\/11\/27c4cb04-0ac8-4980-a9a8-9606d576a0b2.jpg\" alt=\"\" width=\"550\" height=\"641\" \/><\/p>\n<p><strong>O Sudoeste Hoje lamenta a perda irrepar\u00e1vel do empres\u00e1rio e estende o seu pesar \u00e0 fam\u00edlia, amigos e colaboradores da sua empresa.<\/strong><\/p>\n<p><strong>Davi Ferraz &#8211; Editor\u00a0<\/strong><\/p>\n","protected":false},"excerpt":{"rendered":"<p>Na manh\u00e3 desta sexta-feira (15), o lojista Jos\u00e9 Ant\u00f4nio de Oliveira, 69 anos, propriet\u00e1rio da Ideal Modas, perdeu a vida ao ser atropelado por um ve\u00edculo, no momento em praticava ciclismo no trecho urbano da BA-263, nas proximidades do frigor\u00edfico Frigosol, em Itapetinga.\u00a0 Comerciante pr\u00f3spero, o Sr. Ant\u00f4nio era pessoa querida na sociedade itapetinguense e [&hellip;]<\/p>\n","protected":false},"author":2,"featured_media":119715,"comment_status":"closed","ping_status":"open","sticky":false,"template":"","format":"standard","meta":{"footnotes":"","_links_to":"","_links_to_target":""},"categories":[1],"tags":[],"class_list":["post-119713","post","type-post","status-publish","format-standard","has-post-thumbnail","hentry","category-geral"],"views":4655,"_links":{"self":[{"href":"https:\/\/www.sudoestehoje.com.br\/novoportal\/wp-json\/wp\/v2\/posts\/119713","targetHints":{"allow":["GET"]}}],"collection":[{"href":"https:\/\/www.sudoestehoje.com.br\/novoportal\/wp-json\/wp\/v2\/posts"}],"about":[{"href":"https:\/\/www.sudoestehoje.com.br\/novoportal\/wp-json\/wp\/v2\/types\/post"}],"author":[{"embeddable":true,"href":"https:\/\/www.sudoestehoje.com.br\/novoportal\/wp-json\/wp\/v2\/users\/2"}],"replies":[{"embeddable":true,"href":"https:\/\/www.sudoestehoje.com.br\/novoportal\/wp-json\/wp\/v2\/comments?post=119713"}],"version-history":[{"count":6,"href":"https:\/\/www.sudoestehoje.com.br\/novoportal\/wp-json\/wp\/v2\/posts\/119713\/revisions"}],"predecessor-version":[{"id":119721,"href":"https:\/\/www.sudoestehoje.com.br\/novoportal\/wp-json\/wp\/v2\/posts\/119713\/revisions\/119721"}],"wp:featuredmedia":[{"embeddable":true,"href":"https:\/\/www.sudoestehoje.com.br\/novoportal\/wp-json\/wp\/v2\/media\/119715"}],"wp:attachment":[{"href":"https:\/\/www.sudoestehoje.com.br\/novoportal\/wp-json\/wp\/v2\/media?parent=119713"}],"wp:term":[{"taxonomy":"category","embeddable":true,"href":"https:\/\/www.sudoestehoje.com.br\/novoportal\/wp-json\/wp\/v2\/categories?post=119713"},{"taxonomy":"post_tag","embeddable":true,"href":"https:\/\/www.sudoestehoje.com.br\/novoportal\/wp-json\/wp\/v2\/tags?post=119713"}],"curies":[{"name":"wp","href":"https:\/\/api.w.org\/{rel}","templated":true}]}}