
{"id":119708,"date":"2024-11-14T09:43:54","date_gmt":"2024-11-14T12:43:54","guid":{"rendered":"https:\/\/www.sudoestehoje.com.br\/novoportal\/?p=119708"},"modified":"2024-11-14T09:52:53","modified_gmt":"2024-11-14T12:52:53","slug":"itapetinga-vereadores-luciano-valquirao-e-tarugao-disputam-presidencia-da-camara","status":"publish","type":"post","link":"https:\/\/www.sudoestehoje.com.br\/novoportal\/2024\/11\/14\/itapetinga-vereadores-luciano-valquirao-e-tarugao-disputam-presidencia-da-camara\/","title":{"rendered":"ITAPETINGA | VEREADORES LUCIANO, VALQUIR\u00c3O E TARUG\u00c3O DISPUTAM PRESID\u00caNCIA DA C\u00c2MARA"},"content":{"rendered":"<p><img loading=\"lazy\" decoding=\"async\" class=\"alignnone wp-image-119709\" src=\"https:\/\/www.sudoestehoje.com.br\/novoportal\/wp-content\/uploads\/2024\/11\/c96f05e6-3e23-40ab-b28b-70de431ee247-600x353.jpg\" alt=\"\" width=\"551\" height=\"324\" srcset=\"https:\/\/www.sudoestehoje.com.br\/novoportal\/wp-content\/uploads\/2024\/11\/c96f05e6-3e23-40ab-b28b-70de431ee247-600x353.jpg 600w, https:\/\/www.sudoestehoje.com.br\/novoportal\/wp-content\/uploads\/2024\/11\/c96f05e6-3e23-40ab-b28b-70de431ee247-700x412.jpg 700w, https:\/\/www.sudoestehoje.com.br\/novoportal\/wp-content\/uploads\/2024\/11\/c96f05e6-3e23-40ab-b28b-70de431ee247-768x452.jpg 768w, https:\/\/www.sudoestehoje.com.br\/novoportal\/wp-content\/uploads\/2024\/11\/c96f05e6-3e23-40ab-b28b-70de431ee247.jpg 1004w\" sizes=\"auto, (max-width: 551px) 100vw, 551px\" \/><\/p>\n<p><strong>Uma disputa entre os vereadores reeleitos pelo MDB, Luciano Almeida, Valquir\u00e3o e Tarug\u00e3o Barreira, pela presid\u00eancia da C\u00e2mara de Itapetinga, vem se delineando e deve ocupar as aten\u00e7\u00f5es pol\u00edticas locais, at\u00e9 o final de dezembro, quando acontece a elei\u00e7\u00e3o da nova Mesa Diretora do Legislativo Municipal, para a bi\u00eanio 2025\/2026.<\/strong><\/p>\n<p><strong>Tarug\u00e3o e Valquir\u00e3o contam com a experi\u00eancia de terem ocupado a presid\u00eancia em legislaturas anteriores, enquanto Luciano Almeida \u00e9 respaldado pelo sucesso como gestor das secretarias de Meio Ambiente e Educa\u00e7\u00e3o, durante parte do seu primeiro mandato.<\/strong><\/p>\n<p><strong>Com uma bancada majorit\u00e1ria de 9 vereadores na sua base aliada, o prefeito eleito Eduardo Hagge espera contar com o apoio da c\u00e2mara municipal, na discuss\u00e3o e aprova\u00e7\u00e3o dos seus projetos futuros, independente de quem seja o novo chefe do legislativo, e defende uma sucess\u00e3o negociada e tranquila na forma\u00e7\u00e3o da nova mesa da c\u00e2mara.<\/strong><\/p>\n<p><strong>A coordena\u00e7\u00e3o da disputa na c\u00e2mara conta com a habilidade do prefeito Rodrigo Hagge, que colabora no processo, ao lado do prefeito eleito Eduardo Hagge e sua equipe.<\/strong><\/p>\n<p><strong>A oposi\u00e7\u00e3o, que conta com uma bancada de 6 vereadores, tem se posicionado pela negocia\u00e7\u00e3o e quer participar da mesa, segundo informa\u00e7\u00f5es colhidas pelo Sudoeste Hoje.<\/strong><\/p>\n<p><strong>A possibilidade de outros nomes para a disputa, n\u00e3o est\u00e1 afastada.<\/strong><\/p>\n<p><strong><em>Por Davi Ferraz<\/em><\/strong><\/p>\n","protected":false},"excerpt":{"rendered":"<p>Uma disputa entre os vereadores reeleitos pelo MDB, Luciano Almeida, Valquir\u00e3o e Tarug\u00e3o Barreira, pela presid\u00eancia da C\u00e2mara de Itapetinga, vem se delineando e deve ocupar as aten\u00e7\u00f5es pol\u00edticas locais, at\u00e9 o final de dezembro, quando acontece a elei\u00e7\u00e3o da nova Mesa Diretora do Legislativo Municipal, para a bi\u00eanio 2025\/2026. Tarug\u00e3o e Valquir\u00e3o contam com [&hellip;]<\/p>\n","protected":false},"author":2,"featured_media":119709,"comment_status":"closed","ping_status":"open","sticky":false,"template":"","format":"standard","meta":{"footnotes":"","_links_to":"","_links_to_target":""},"categories":[1],"tags":[],"class_list":["post-119708","post","type-post","status-publish","format-standard","has-post-thumbnail","hentry","category-geral"],"views":1188,"_links":{"self":[{"href":"https:\/\/www.sudoestehoje.com.br\/novoportal\/wp-json\/wp\/v2\/posts\/119708","targetHints":{"allow":["GET"]}}],"collection":[{"href":"https:\/\/www.sudoestehoje.com.br\/novoportal\/wp-json\/wp\/v2\/posts"}],"about":[{"href":"https:\/\/www.sudoestehoje.com.br\/novoportal\/wp-json\/wp\/v2\/types\/post"}],"author":[{"embeddable":true,"href":"https:\/\/www.sudoestehoje.com.br\/novoportal\/wp-json\/wp\/v2\/users\/2"}],"replies":[{"embeddable":true,"href":"https:\/\/www.sudoestehoje.com.br\/novoportal\/wp-json\/wp\/v2\/comments?post=119708"}],"version-history":[{"count":3,"href":"https:\/\/www.sudoestehoje.com.br\/novoportal\/wp-json\/wp\/v2\/posts\/119708\/revisions"}],"predecessor-version":[{"id":119712,"href":"https:\/\/www.sudoestehoje.com.br\/novoportal\/wp-json\/wp\/v2\/posts\/119708\/revisions\/119712"}],"wp:featuredmedia":[{"embeddable":true,"href":"https:\/\/www.sudoestehoje.com.br\/novoportal\/wp-json\/wp\/v2\/media\/119709"}],"wp:attachment":[{"href":"https:\/\/www.sudoestehoje.com.br\/novoportal\/wp-json\/wp\/v2\/media?parent=119708"}],"wp:term":[{"taxonomy":"category","embeddable":true,"href":"https:\/\/www.sudoestehoje.com.br\/novoportal\/wp-json\/wp\/v2\/categories?post=119708"},{"taxonomy":"post_tag","embeddable":true,"href":"https:\/\/www.sudoestehoje.com.br\/novoportal\/wp-json\/wp\/v2\/tags?post=119708"}],"curies":[{"name":"wp","href":"https:\/\/api.w.org\/{rel}","templated":true}]}}