
{"id":119699,"date":"2024-11-14T08:34:54","date_gmt":"2024-11-14T11:34:54","guid":{"rendered":"https:\/\/www.sudoestehoje.com.br\/novoportal\/?p=119699"},"modified":"2024-11-14T08:34:54","modified_gmt":"2024-11-14T11:34:54","slug":"itapetinga-rodrigo-hagge-e-disputado-por-uniao-brasil-e-mdb-para-compor-chapa-ao-governo-da-bahia","status":"publish","type":"post","link":"https:\/\/www.sudoestehoje.com.br\/novoportal\/2024\/11\/14\/itapetinga-rodrigo-hagge-e-disputado-por-uniao-brasil-e-mdb-para-compor-chapa-ao-governo-da-bahia\/","title":{"rendered":"ITAPETINGA | RODRIGO HAGGE \u00c9 DISPUTADO POR UNI\u00c3O BRASIL E MDB PARA COMPOR CHAPA AO GOVERNO DA BAHIA"},"content":{"rendered":"<p><img loading=\"lazy\" decoding=\"async\" class=\"alignnone  wp-image-119706\" src=\"https:\/\/www.sudoestehoje.com.br\/novoportal\/wp-content\/uploads\/2024\/11\/248636af-dff4-4489-af0b-7216654cc00e-600x557.jpg\" alt=\"\" width=\"552\" height=\"512\" srcset=\"https:\/\/www.sudoestehoje.com.br\/novoportal\/wp-content\/uploads\/2024\/11\/248636af-dff4-4489-af0b-7216654cc00e-600x557.jpg 600w, https:\/\/www.sudoestehoje.com.br\/novoportal\/wp-content\/uploads\/2024\/11\/248636af-dff4-4489-af0b-7216654cc00e-700x650.jpg 700w, https:\/\/www.sudoestehoje.com.br\/novoportal\/wp-content\/uploads\/2024\/11\/248636af-dff4-4489-af0b-7216654cc00e.jpg 717w\" sizes=\"auto, (max-width: 552px) 100vw, 552px\" \/><\/p>\n<p><strong>Vencedor de tr\u00eas elei\u00e7\u00f5es municipais consecutivas, o atual prefeito de Itapetinga, Rodrigo Hagge (MDB), passou a ser cogitado por lideran\u00e7as pol\u00edticas baianas, como nome forte para compor as chapas majorit\u00e1rias, tanto da situa\u00e7\u00e3o, quanto da oposi\u00e7\u00e3o, com vistas \u00e0s elei\u00e7\u00f5es estaduais de 2026.<\/strong><\/p>\n<p><strong>No decorrer desta semana, o l\u00edder oposicionista ACM Neto (Uni\u00e3o Brasil) citou o jovem prefeito de Itapetinga como um dos nomes cogitados para compor a chapa majorit\u00e1ria do seu partido, possivelmente\u00a0 como candidato a vice-governador, com grande repercuss\u00e3o no estado.<\/strong><\/p>\n<p><strong>Imediatamente, o cacique do MDB, Geddel Vieira Lima, rebateu a especula\u00e7\u00e3o de ACM Neto, lembrando que Rodrigo Hagge \u00e9 filiado hist\u00f3rico do seu partido, podendo ser indicado para compor chapa como candidato a vice do atual governador Jer\u00f4nimo Rodrigues, que dever\u00e1 concorrer \u00e0 reelei\u00e7\u00e3o em 2026.<\/strong><\/p>\n<p><strong>Habilidoso na arte pol\u00edtica, Rodrigo Hagge assiste a tudo de camarote e ainda n\u00e3o quis se manifestar sobre o assunto, lembrando apenas que, por enquanto, est\u00e1 focado na transi\u00e7\u00e3o do mandato de prefeito de Itapetinga para Eduardo Hagge (MDB), eleito com seu apoio.<\/strong><\/p>\n<p><strong>Por enquanto&#8230;<\/strong><\/p>\n<p><strong>Por Davi Ferraz<\/strong><\/p>\n","protected":false},"excerpt":{"rendered":"<p>Vencedor de tr\u00eas elei\u00e7\u00f5es municipais consecutivas, o atual prefeito de Itapetinga, Rodrigo Hagge (MDB), passou a ser cogitado por lideran\u00e7as pol\u00edticas baianas, como nome forte para compor as chapas majorit\u00e1rias, tanto da situa\u00e7\u00e3o, quanto da oposi\u00e7\u00e3o, com vistas \u00e0s elei\u00e7\u00f5es estaduais de 2026. No decorrer desta semana, o l\u00edder oposicionista ACM Neto (Uni\u00e3o Brasil) citou [&hellip;]<\/p>\n","protected":false},"author":2,"featured_media":119706,"comment_status":"closed","ping_status":"open","sticky":false,"template":"","format":"standard","meta":{"footnotes":"","_links_to":"","_links_to_target":""},"categories":[1],"tags":[],"class_list":["post-119699","post","type-post","status-publish","format-standard","has-post-thumbnail","hentry","category-geral"],"views":779,"_links":{"self":[{"href":"https:\/\/www.sudoestehoje.com.br\/novoportal\/wp-json\/wp\/v2\/posts\/119699","targetHints":{"allow":["GET"]}}],"collection":[{"href":"https:\/\/www.sudoestehoje.com.br\/novoportal\/wp-json\/wp\/v2\/posts"}],"about":[{"href":"https:\/\/www.sudoestehoje.com.br\/novoportal\/wp-json\/wp\/v2\/types\/post"}],"author":[{"embeddable":true,"href":"https:\/\/www.sudoestehoje.com.br\/novoportal\/wp-json\/wp\/v2\/users\/2"}],"replies":[{"embeddable":true,"href":"https:\/\/www.sudoestehoje.com.br\/novoportal\/wp-json\/wp\/v2\/comments?post=119699"}],"version-history":[{"count":7,"href":"https:\/\/www.sudoestehoje.com.br\/novoportal\/wp-json\/wp\/v2\/posts\/119699\/revisions"}],"predecessor-version":[{"id":119707,"href":"https:\/\/www.sudoestehoje.com.br\/novoportal\/wp-json\/wp\/v2\/posts\/119699\/revisions\/119707"}],"wp:featuredmedia":[{"embeddable":true,"href":"https:\/\/www.sudoestehoje.com.br\/novoportal\/wp-json\/wp\/v2\/media\/119706"}],"wp:attachment":[{"href":"https:\/\/www.sudoestehoje.com.br\/novoportal\/wp-json\/wp\/v2\/media?parent=119699"}],"wp:term":[{"taxonomy":"category","embeddable":true,"href":"https:\/\/www.sudoestehoje.com.br\/novoportal\/wp-json\/wp\/v2\/categories?post=119699"},{"taxonomy":"post_tag","embeddable":true,"href":"https:\/\/www.sudoestehoje.com.br\/novoportal\/wp-json\/wp\/v2\/tags?post=119699"}],"curies":[{"name":"wp","href":"https:\/\/api.w.org\/{rel}","templated":true}]}}