
{"id":11969,"date":"2012-01-11T20:32:13","date_gmt":"2012-01-11T23:32:13","guid":{"rendered":"http:\/\/www.sudoestehoje.com.br\/novoportal\/?p=11969"},"modified":"2012-01-11T20:32:13","modified_gmt":"2012-01-11T23:32:13","slug":"ladrao-pescador-usa-anzol-para-fisgar-produtos-de-mercadinho","status":"publish","type":"post","link":"https:\/\/www.sudoestehoje.com.br\/novoportal\/2012\/01\/11\/ladrao-pescador-usa-anzol-para-fisgar-produtos-de-mercadinho\/","title":{"rendered":"LADR\u00c3O PESCADOR USA ANZOL PARA FISGAR PRODUTOS DE MERCADINHO"},"content":{"rendered":"<p style=\"text-align: center;\"><img decoding=\"async\" class=\"aligncenter\" src=\"http:\/\/www.bahianoticias.com.br\/fotos\/principal_noticias\/109206\/IMAGEM_NOTICIA_5.jpg\" alt=\"Jequi\u00e9: Ladr\u00e3o pescador usa anzol para fisgar produtos de mercadinho\" width=\"400\" \/><\/p>\n<p style=\"text-align: center;\"><em><strong>Mercadinho vende &#8216;calabreza&#8217; e &#8216;mortandela&#8217;<\/strong><\/em><\/p>\n<p>JEQUI\u00c9: Uma nova pr\u00e1tica de furto chamou a aten\u00e7\u00e3o da cidade de Jequi\u00e9, no sudoeste baiano, ap\u00f3s um estabelecimento comercial ter sido roubado atrav\u00e9s de um pequeno buraco aberto no teto da estrutura, na madrugada desta quarta-feira (11). Gutembergue Serafim Santos, dono do Mercadinho Alto do Tropical, alega que seu com\u00e9rcio foi arrombado por um ladr\u00e3o pescador, que removeu duas telhas do local e fisgou com um anzol v\u00e1rios pacotes de leite em p\u00f3 e copos de \u00e1gua mineral.<\/p>\n<p>Ainda de acordo com Gutembergue, o mercadinho j\u00e1 havia sido assalto duas vezes por um homem que foi encontrado morto dias depois. J\u00e1 sobre o novo assalto, ainda n\u00e3o h\u00e1 pistas. Para os moradores que reclamam da viol\u00eancia do loteamento, o crime vai virar hist\u00f3ria de pescador. Informa\u00e7\u00f5es do blog <em>Not\u00edcias de Ipia\u00fa.<\/em><\/p>\n","protected":false},"excerpt":{"rendered":"<p>Mercadinho vende &#8216;calabreza&#8217; e &#8216;mortandela&#8217; JEQUI\u00c9: Uma nova pr\u00e1tica de furto chamou a aten\u00e7\u00e3o da cidade de Jequi\u00e9, no sudoeste baiano, ap\u00f3s um estabelecimento comercial ter sido roubado atrav\u00e9s de um pequeno buraco aberto no teto da estrutura, na madrugada desta quarta-feira (11). Gutembergue Serafim Santos, dono do Mercadinho Alto do Tropical, alega que seu [&hellip;]<\/p>\n","protected":false},"author":2,"featured_media":0,"comment_status":"open","ping_status":"open","sticky":false,"template":"","format":"standard","meta":{"footnotes":"","_links_to":"","_links_to_target":""},"categories":[1],"tags":[],"class_list":["post-11969","post","type-post","status-publish","format-standard","hentry","category-geral"],"views":1187,"_links":{"self":[{"href":"https:\/\/www.sudoestehoje.com.br\/novoportal\/wp-json\/wp\/v2\/posts\/11969","targetHints":{"allow":["GET"]}}],"collection":[{"href":"https:\/\/www.sudoestehoje.com.br\/novoportal\/wp-json\/wp\/v2\/posts"}],"about":[{"href":"https:\/\/www.sudoestehoje.com.br\/novoportal\/wp-json\/wp\/v2\/types\/post"}],"author":[{"embeddable":true,"href":"https:\/\/www.sudoestehoje.com.br\/novoportal\/wp-json\/wp\/v2\/users\/2"}],"replies":[{"embeddable":true,"href":"https:\/\/www.sudoestehoje.com.br\/novoportal\/wp-json\/wp\/v2\/comments?post=11969"}],"version-history":[{"count":3,"href":"https:\/\/www.sudoestehoje.com.br\/novoportal\/wp-json\/wp\/v2\/posts\/11969\/revisions"}],"predecessor-version":[{"id":11972,"href":"https:\/\/www.sudoestehoje.com.br\/novoportal\/wp-json\/wp\/v2\/posts\/11969\/revisions\/11972"}],"wp:attachment":[{"href":"https:\/\/www.sudoestehoje.com.br\/novoportal\/wp-json\/wp\/v2\/media?parent=11969"}],"wp:term":[{"taxonomy":"category","embeddable":true,"href":"https:\/\/www.sudoestehoje.com.br\/novoportal\/wp-json\/wp\/v2\/categories?post=11969"},{"taxonomy":"post_tag","embeddable":true,"href":"https:\/\/www.sudoestehoje.com.br\/novoportal\/wp-json\/wp\/v2\/tags?post=11969"}],"curies":[{"name":"wp","href":"https:\/\/api.w.org\/{rel}","templated":true}]}}