
{"id":119652,"date":"2024-11-10T10:58:53","date_gmt":"2024-11-10T13:58:53","guid":{"rendered":"https:\/\/www.sudoestehoje.com.br\/novoportal\/?p=119652"},"modified":"2024-11-10T11:01:01","modified_gmt":"2024-11-10T14:01:01","slug":"clima-chove-na-capital-da-pecuaria-baiana","status":"publish","type":"post","link":"https:\/\/www.sudoestehoje.com.br\/novoportal\/2024\/11\/10\/clima-chove-na-capital-da-pecuaria-baiana\/","title":{"rendered":"CLIMA | CHOVE NA CAPITAL DA PECU\u00c1RIA BAIANA"},"content":{"rendered":"<p><img loading=\"lazy\" decoding=\"async\" class=\" wp-image-119653\" src=\"https:\/\/www.sudoestehoje.com.br\/novoportal\/wp-content\/uploads\/2024\/11\/chuva11-600x399.jpg\" alt=\"\" width=\"551\" height=\"367\" srcset=\"https:\/\/www.sudoestehoje.com.br\/novoportal\/wp-content\/uploads\/2024\/11\/chuva11-600x399.jpg 600w, https:\/\/www.sudoestehoje.com.br\/novoportal\/wp-content\/uploads\/2024\/11\/chuva11.jpg 622w\" sizes=\"auto, (max-width: 551px) 100vw, 551px\" \/><\/p>\n<p><strong>Depois de um longo per\u00edodo de estiagem, a chuva finalmente voltou a cair em Itapetinga e regi\u00e3o, neste domingo,\u00a0 aliviando o forte calor e animando os pecuaristas do m\u00e9dio sudoeste baiano, que j\u00e1 come\u00e7avam a se procupar com a possibilidade de uma seca na regi\u00e3o.<\/strong><\/p>\n<p><strong>Normalmente, os meses de outubro e novembro s\u00e3o marcados pelo in\u00edcio da &#8216;chuva das \u00e1guas&#8217;, apesar das mudan\u00e7as clim\u00e1ticas dos \u00faltimos tempos, que v\u00eam retardando esse processo, com chuvas fortes em dezembro, ap\u00f3s longos per\u00edodos de estiagem.<\/strong><\/p>\n<p><strong>A chuva deste domingo (10) cai moderada, sem causar transtornos \u00e0 popula\u00e7\u00e3o.<\/strong><\/p>\n<p><strong>Chuva &#8216;molhadeira&#8217;&#8230;<\/strong><\/p>\n<p><strong>Por Davi Ferraz\u00a0<\/strong><\/p>\n","protected":false},"excerpt":{"rendered":"<p>Depois de um longo per\u00edodo de estiagem, a chuva finalmente voltou a cair em Itapetinga e regi\u00e3o, neste domingo,\u00a0 aliviando o forte calor e animando os pecuaristas do m\u00e9dio sudoeste baiano, que j\u00e1 come\u00e7avam a se procupar com a possibilidade de uma seca na regi\u00e3o. Normalmente, os meses de outubro e novembro s\u00e3o marcados pelo [&hellip;]<\/p>\n","protected":false},"author":2,"featured_media":119653,"comment_status":"closed","ping_status":"open","sticky":false,"template":"","format":"standard","meta":{"footnotes":"","_links_to":"","_links_to_target":""},"categories":[1],"tags":[],"class_list":["post-119652","post","type-post","status-publish","format-standard","has-post-thumbnail","hentry","category-geral"],"views":815,"_links":{"self":[{"href":"https:\/\/www.sudoestehoje.com.br\/novoportal\/wp-json\/wp\/v2\/posts\/119652","targetHints":{"allow":["GET"]}}],"collection":[{"href":"https:\/\/www.sudoestehoje.com.br\/novoportal\/wp-json\/wp\/v2\/posts"}],"about":[{"href":"https:\/\/www.sudoestehoje.com.br\/novoportal\/wp-json\/wp\/v2\/types\/post"}],"author":[{"embeddable":true,"href":"https:\/\/www.sudoestehoje.com.br\/novoportal\/wp-json\/wp\/v2\/users\/2"}],"replies":[{"embeddable":true,"href":"https:\/\/www.sudoestehoje.com.br\/novoportal\/wp-json\/wp\/v2\/comments?post=119652"}],"version-history":[{"count":4,"href":"https:\/\/www.sudoestehoje.com.br\/novoportal\/wp-json\/wp\/v2\/posts\/119652\/revisions"}],"predecessor-version":[{"id":119657,"href":"https:\/\/www.sudoestehoje.com.br\/novoportal\/wp-json\/wp\/v2\/posts\/119652\/revisions\/119657"}],"wp:featuredmedia":[{"embeddable":true,"href":"https:\/\/www.sudoestehoje.com.br\/novoportal\/wp-json\/wp\/v2\/media\/119653"}],"wp:attachment":[{"href":"https:\/\/www.sudoestehoje.com.br\/novoportal\/wp-json\/wp\/v2\/media?parent=119652"}],"wp:term":[{"taxonomy":"category","embeddable":true,"href":"https:\/\/www.sudoestehoje.com.br\/novoportal\/wp-json\/wp\/v2\/categories?post=119652"},{"taxonomy":"post_tag","embeddable":true,"href":"https:\/\/www.sudoestehoje.com.br\/novoportal\/wp-json\/wp\/v2\/tags?post=119652"}],"curies":[{"name":"wp","href":"https:\/\/api.w.org\/{rel}","templated":true}]}}