
{"id":119648,"date":"2024-11-07T20:54:32","date_gmt":"2024-11-07T23:54:32","guid":{"rendered":"https:\/\/www.sudoestehoje.com.br\/novoportal\/?p=119648"},"modified":"2024-11-07T20:54:32","modified_gmt":"2024-11-07T23:54:32","slug":"antonio-brito-tem-encontro-com-presidente-da-assembleia-da-republica-portuguesa","status":"publish","type":"post","link":"https:\/\/www.sudoestehoje.com.br\/novoportal\/2024\/11\/07\/antonio-brito-tem-encontro-com-presidente-da-assembleia-da-republica-portuguesa\/","title":{"rendered":"ANTONIO BRITO TEM ENCONTRO COM PRESIDENTE DA ASSEMBLEIA DA REP\u00daBLICA PORTUGUESA"},"content":{"rendered":"<p><img loading=\"lazy\" decoding=\"async\" class=\"alignnone  wp-image-119650\" src=\"https:\/\/www.sudoestehoje.com.br\/novoportal\/wp-content\/uploads\/2024\/11\/5634f551-cde3-44aa-ad5c-307c86dfffc8-600x390.jpg\" alt=\"\" width=\"549\" height=\"357\" srcset=\"https:\/\/www.sudoestehoje.com.br\/novoportal\/wp-content\/uploads\/2024\/11\/5634f551-cde3-44aa-ad5c-307c86dfffc8-600x390.jpg 600w, https:\/\/www.sudoestehoje.com.br\/novoportal\/wp-content\/uploads\/2024\/11\/5634f551-cde3-44aa-ad5c-307c86dfffc8-700x455.jpg 700w, https:\/\/www.sudoestehoje.com.br\/novoportal\/wp-content\/uploads\/2024\/11\/5634f551-cde3-44aa-ad5c-307c86dfffc8-768x499.jpg 768w, https:\/\/www.sudoestehoje.com.br\/novoportal\/wp-content\/uploads\/2024\/11\/5634f551-cde3-44aa-ad5c-307c86dfffc8.jpg 1315w\" sizes=\"auto, (max-width: 549px) 100vw, 549px\" \/><\/p>\n<p><strong>O presidente do Grupo-Parlamentar Brasil-Portugal, deputado federal Antonio Brito (PSD), teve uma reuni\u00e3o bilateral com o presidente da Assembleia da Rep\u00fablica portuguesa, deputado Jos\u00e9 Pedro Aguiar-Branco, nesta quarta-feira (06), em Bras\u00edlia.<\/strong><\/p>\n<p><strong>Na ocasi\u00e3o, foi debatida a realiza\u00e7\u00e3o de encontro dos parlamentos das na\u00e7\u00f5es que integram a Comunidade dos Pa\u00edses de L\u00edngua Portuguesa (CPLP), programado para o primeiro semestre de 2025.<\/strong><\/p>\n<p><strong>Tamb\u00e9m foram discutidas na reuni\u00e3o a import\u00e2ncia de agendas conjuntas entre os grupos parlamentares de amizade dos dois pa\u00edses; e pautas comuns entre os parlamentos de Brasil e Portugal.<\/strong><\/p>\n","protected":false},"excerpt":{"rendered":"<p>O presidente do Grupo-Parlamentar Brasil-Portugal, deputado federal Antonio Brito (PSD), teve uma reuni\u00e3o bilateral com o presidente da Assembleia da Rep\u00fablica portuguesa, deputado Jos\u00e9 Pedro Aguiar-Branco, nesta quarta-feira (06), em Bras\u00edlia. Na ocasi\u00e3o, foi debatida a realiza\u00e7\u00e3o de encontro dos parlamentos das na\u00e7\u00f5es que integram a Comunidade dos Pa\u00edses de L\u00edngua Portuguesa (CPLP), programado para [&hellip;]<\/p>\n","protected":false},"author":2,"featured_media":119650,"comment_status":"closed","ping_status":"open","sticky":false,"template":"","format":"standard","meta":{"footnotes":"","_links_to":"","_links_to_target":""},"categories":[1],"tags":[],"class_list":["post-119648","post","type-post","status-publish","format-standard","has-post-thumbnail","hentry","category-geral"],"views":424,"_links":{"self":[{"href":"https:\/\/www.sudoestehoje.com.br\/novoportal\/wp-json\/wp\/v2\/posts\/119648","targetHints":{"allow":["GET"]}}],"collection":[{"href":"https:\/\/www.sudoestehoje.com.br\/novoportal\/wp-json\/wp\/v2\/posts"}],"about":[{"href":"https:\/\/www.sudoestehoje.com.br\/novoportal\/wp-json\/wp\/v2\/types\/post"}],"author":[{"embeddable":true,"href":"https:\/\/www.sudoestehoje.com.br\/novoportal\/wp-json\/wp\/v2\/users\/2"}],"replies":[{"embeddable":true,"href":"https:\/\/www.sudoestehoje.com.br\/novoportal\/wp-json\/wp\/v2\/comments?post=119648"}],"version-history":[{"count":2,"href":"https:\/\/www.sudoestehoje.com.br\/novoportal\/wp-json\/wp\/v2\/posts\/119648\/revisions"}],"predecessor-version":[{"id":119651,"href":"https:\/\/www.sudoestehoje.com.br\/novoportal\/wp-json\/wp\/v2\/posts\/119648\/revisions\/119651"}],"wp:featuredmedia":[{"embeddable":true,"href":"https:\/\/www.sudoestehoje.com.br\/novoportal\/wp-json\/wp\/v2\/media\/119650"}],"wp:attachment":[{"href":"https:\/\/www.sudoestehoje.com.br\/novoportal\/wp-json\/wp\/v2\/media?parent=119648"}],"wp:term":[{"taxonomy":"category","embeddable":true,"href":"https:\/\/www.sudoestehoje.com.br\/novoportal\/wp-json\/wp\/v2\/categories?post=119648"},{"taxonomy":"post_tag","embeddable":true,"href":"https:\/\/www.sudoestehoje.com.br\/novoportal\/wp-json\/wp\/v2\/tags?post=119648"}],"curies":[{"name":"wp","href":"https:\/\/api.w.org\/{rel}","templated":true}]}}