
{"id":119644,"date":"2024-11-07T20:01:13","date_gmt":"2024-11-07T23:01:13","guid":{"rendered":"https:\/\/www.sudoestehoje.com.br\/novoportal\/?p=119644"},"modified":"2024-11-07T20:01:13","modified_gmt":"2024-11-07T23:01:13","slug":"rosemberg-pinto-passa-mal-e-e-internado-no-hospital-alianca-em-salvador","status":"publish","type":"post","link":"https:\/\/www.sudoestehoje.com.br\/novoportal\/2024\/11\/07\/rosemberg-pinto-passa-mal-e-e-internado-no-hospital-alianca-em-salvador\/","title":{"rendered":"ROSEMBERG PINTO PASSA MAL E \u00c9 INTERNADO NO HOSPITAL ALIAN\u00c7A EM SALVADOR"},"content":{"rendered":"<p><img loading=\"lazy\" decoding=\"async\" class=\"alignnone  wp-image-119645\" src=\"https:\/\/www.sudoestehoje.com.br\/novoportal\/wp-content\/uploads\/2024\/11\/51961-925294-2021-06-29-09-09-39-1000x530-1-600x318.jpg\" alt=\"\" width=\"549\" height=\"291\" srcset=\"https:\/\/www.sudoestehoje.com.br\/novoportal\/wp-content\/uploads\/2024\/11\/51961-925294-2021-06-29-09-09-39-1000x530-1-600x318.jpg 600w, https:\/\/www.sudoestehoje.com.br\/novoportal\/wp-content\/uploads\/2024\/11\/51961-925294-2021-06-29-09-09-39-1000x530-1-700x371.jpg 700w, https:\/\/www.sudoestehoje.com.br\/novoportal\/wp-content\/uploads\/2024\/11\/51961-925294-2021-06-29-09-09-39-1000x530-1-768x407.jpg 768w, https:\/\/www.sudoestehoje.com.br\/novoportal\/wp-content\/uploads\/2024\/11\/51961-925294-2021-06-29-09-09-39-1000x530-1.jpg 1000w\" sizes=\"auto, (max-width: 549px) 100vw, 549px\" \/><\/p>\n<p><strong>L\u00edder do governo na Assembleia Legislativa, o deputado Rosemberg Pinto (PT) passou mal nas depend\u00eancias da Casa, na tarde desta quarta-feira (07), e foi encaminhado ao Hospital Alian\u00e7a.<\/strong><\/p>\n<p><strong> Segundo o presidente do Legislativo, deputado Adolfo Menezes (PSD), o petista passa bem.<\/strong><\/p>\n<p><strong>Rosemberg chegou a ser atendido pelo servi\u00e7o m\u00e9dico da Casa com press\u00e3o alta. Depois de estabilizado, foi encaminhado para o hospital para que fosse investigado as causas desse diagn\u00f3stico. <\/strong><\/p>\n<p><strong>O deputado ainda est\u00e1 incomunic\u00e1vel, de acordo com o site Toda Bahia.<\/strong><\/p>\n","protected":false},"excerpt":{"rendered":"<p>L\u00edder do governo na Assembleia Legislativa, o deputado Rosemberg Pinto (PT) passou mal nas depend\u00eancias da Casa, na tarde desta quarta-feira (07), e foi encaminhado ao Hospital Alian\u00e7a. Segundo o presidente do Legislativo, deputado Adolfo Menezes (PSD), o petista passa bem. Rosemberg chegou a ser atendido pelo servi\u00e7o m\u00e9dico da Casa com press\u00e3o alta. Depois [&hellip;]<\/p>\n","protected":false},"author":2,"featured_media":119645,"comment_status":"closed","ping_status":"open","sticky":false,"template":"","format":"standard","meta":{"footnotes":"","_links_to":"","_links_to_target":""},"categories":[1],"tags":[],"class_list":["post-119644","post","type-post","status-publish","format-standard","has-post-thumbnail","hentry","category-geral"],"views":1312,"_links":{"self":[{"href":"https:\/\/www.sudoestehoje.com.br\/novoportal\/wp-json\/wp\/v2\/posts\/119644","targetHints":{"allow":["GET"]}}],"collection":[{"href":"https:\/\/www.sudoestehoje.com.br\/novoportal\/wp-json\/wp\/v2\/posts"}],"about":[{"href":"https:\/\/www.sudoestehoje.com.br\/novoportal\/wp-json\/wp\/v2\/types\/post"}],"author":[{"embeddable":true,"href":"https:\/\/www.sudoestehoje.com.br\/novoportal\/wp-json\/wp\/v2\/users\/2"}],"replies":[{"embeddable":true,"href":"https:\/\/www.sudoestehoje.com.br\/novoportal\/wp-json\/wp\/v2\/comments?post=119644"}],"version-history":[{"count":2,"href":"https:\/\/www.sudoestehoje.com.br\/novoportal\/wp-json\/wp\/v2\/posts\/119644\/revisions"}],"predecessor-version":[{"id":119647,"href":"https:\/\/www.sudoestehoje.com.br\/novoportal\/wp-json\/wp\/v2\/posts\/119644\/revisions\/119647"}],"wp:featuredmedia":[{"embeddable":true,"href":"https:\/\/www.sudoestehoje.com.br\/novoportal\/wp-json\/wp\/v2\/media\/119645"}],"wp:attachment":[{"href":"https:\/\/www.sudoestehoje.com.br\/novoportal\/wp-json\/wp\/v2\/media?parent=119644"}],"wp:term":[{"taxonomy":"category","embeddable":true,"href":"https:\/\/www.sudoestehoje.com.br\/novoportal\/wp-json\/wp\/v2\/categories?post=119644"},{"taxonomy":"post_tag","embeddable":true,"href":"https:\/\/www.sudoestehoje.com.br\/novoportal\/wp-json\/wp\/v2\/tags?post=119644"}],"curies":[{"name":"wp","href":"https:\/\/api.w.org\/{rel}","templated":true}]}}