
{"id":119640,"date":"2024-11-07T19:34:09","date_gmt":"2024-11-07T22:34:09","guid":{"rendered":"https:\/\/www.sudoestehoje.com.br\/novoportal\/?p=119640"},"modified":"2024-11-07T19:34:09","modified_gmt":"2024-11-07T22:34:09","slug":"itapetinga-consorcio-do-medio-sudoeste-e-denunciado-por-pessimas-condicoes-de-trabalho","status":"publish","type":"post","link":"https:\/\/www.sudoestehoje.com.br\/novoportal\/2024\/11\/07\/itapetinga-consorcio-do-medio-sudoeste-e-denunciado-por-pessimas-condicoes-de-trabalho\/","title":{"rendered":"ITAPETINGA | CONS\u00d3RCIO DO M\u00c9DIO SUDOESTE \u00c9 DENUNCIADO POR P\u00c9SSIMAS CONDI\u00c7\u00d5ES DE TRABALHO"},"content":{"rendered":"<p><img loading=\"lazy\" decoding=\"async\" class=\"alignnone  wp-image-119642\" src=\"https:\/\/www.sudoestehoje.com.br\/novoportal\/wp-content\/uploads\/2024\/11\/rony-600x372.jpg\" alt=\"\" width=\"550\" height=\"341\" srcset=\"https:\/\/www.sudoestehoje.com.br\/novoportal\/wp-content\/uploads\/2024\/11\/rony-600x372.jpg 600w, https:\/\/www.sudoestehoje.com.br\/novoportal\/wp-content\/uploads\/2024\/11\/rony-700x434.jpg 700w, https:\/\/www.sudoestehoje.com.br\/novoportal\/wp-content\/uploads\/2024\/11\/rony-768x476.jpg 768w, https:\/\/www.sudoestehoje.com.br\/novoportal\/wp-content\/uploads\/2024\/11\/rony.jpg 1000w\" sizes=\"auto, (max-width: 550px) 100vw, 550px\" \/><\/p>\n<p><strong>Trabalhadores do Cons\u00f3rcio do M\u00e9dio Sudoeste, que prestam servi\u00e7os na cidade de Itapetinga, relataram ao Blog do Edyy uma s\u00e9rie de problemas nas condi\u00e7\u00f5es de trabalho, questionando a gest\u00e3o do cons\u00f3rcio, liderada pelo prefeito de Igua\u00ed, Rony Moitinho. Entre as queixas, est\u00e3o o pagamento de sal\u00e1rios abaixo do piso da categoria, falta de benef\u00edcios e condi\u00e7\u00f5es de seguran\u00e7a inadequadas.<\/strong><\/p>\n<p><strong>Os funcion\u00e1rios relatam que recebem apenas o sal\u00e1rio base, inferior ao previsto pela lei e pelo sindicato da categoria. Al\u00e9m disso, h\u00e1 trabalhadores acumulando diversas fun\u00e7\u00f5es sem receber qualquer adicional. Segundo eles, essas pr\u00e1ticas resultam em desvaloriza\u00e7\u00e3o e desgaste, sem compensa\u00e7\u00e3o justa.<\/strong><\/p>\n<p><strong>Outro ponto destacado foi a aus\u00eancia de cesta b\u00e1sica, benef\u00edcio previsto para a categoria. Com isso, os trabalhadores precisam levar a pr\u00f3pria refei\u00e7\u00e3o para o almo\u00e7o, que muitas vezes estraga devido ao calor, o que faz com que alguns passem o expediente sem comer, s\u00f3 conseguindo se alimentar ao final do dia, em casa.<\/strong><\/p>\n<p><strong>Alguns colaboradores, que trabalham com subst\u00e2ncias como \u00f3leo diesel e emuls\u00e3o, afirmam que n\u00e3o recebem adicional de insalubridade. Essa condi\u00e7\u00e3o n\u00e3o s\u00f3 impacta financeiramente, mas tamb\u00e9m n\u00e3o atende \u00e0s normas de seguran\u00e7a.<\/strong><\/p>\n<p><strong>O cons\u00f3rcio tamb\u00e9m enfrenta uma falta de pessoal, pois quatro funcion\u00e1rios foram demitidos e as vagas ainda n\u00e3o foram preenchidas, sobrecarregando a equipe. Al\u00e9m disso, h\u00e1 relatos de motoristas sem habilita\u00e7\u00e3o adequada, o que\u00a0 representa um risco nas opera\u00e7\u00f5es di\u00e1rias.<\/strong><\/p>\n<p><strong>A equipe informou que, por falta de pessoal e equipamentos, n\u00e3o consegue garantir uma sinaliza\u00e7\u00e3o adequada durante os trabalhos em vias p\u00fablicas, situa\u00e7\u00e3o que exp\u00f5e os trabalhadores a riscos desnecess\u00e1rios. Al\u00e9m disso, os cones e placas dispon\u00edveis n\u00e3o s\u00e3o suficientes.<\/strong><\/p>\n<p><strong>Outro problema apontado foi o transporte das ferramentas, como p\u00e1s, picaretas e baldes, que ficam no mesmo ve\u00edculo dos trabalhadores, sem qualquer separa\u00e7\u00e3o, elevando o risco de acidentes. \/\/Blog do Eddy<\/strong><\/p>\n","protected":false},"excerpt":{"rendered":"<p>Trabalhadores do Cons\u00f3rcio do M\u00e9dio Sudoeste, que prestam servi\u00e7os na cidade de Itapetinga, relataram ao Blog do Edyy uma s\u00e9rie de problemas nas condi\u00e7\u00f5es de trabalho, questionando a gest\u00e3o do cons\u00f3rcio, liderada pelo prefeito de Igua\u00ed, Rony Moitinho. Entre as queixas, est\u00e3o o pagamento de sal\u00e1rios abaixo do piso da categoria, falta de benef\u00edcios e [&hellip;]<\/p>\n","protected":false},"author":2,"featured_media":119642,"comment_status":"closed","ping_status":"open","sticky":false,"template":"","format":"standard","meta":{"footnotes":"","_links_to":"","_links_to_target":""},"categories":[1],"tags":[],"class_list":["post-119640","post","type-post","status-publish","format-standard","has-post-thumbnail","hentry","category-geral"],"views":1145,"_links":{"self":[{"href":"https:\/\/www.sudoestehoje.com.br\/novoportal\/wp-json\/wp\/v2\/posts\/119640","targetHints":{"allow":["GET"]}}],"collection":[{"href":"https:\/\/www.sudoestehoje.com.br\/novoportal\/wp-json\/wp\/v2\/posts"}],"about":[{"href":"https:\/\/www.sudoestehoje.com.br\/novoportal\/wp-json\/wp\/v2\/types\/post"}],"author":[{"embeddable":true,"href":"https:\/\/www.sudoestehoje.com.br\/novoportal\/wp-json\/wp\/v2\/users\/2"}],"replies":[{"embeddable":true,"href":"https:\/\/www.sudoestehoje.com.br\/novoportal\/wp-json\/wp\/v2\/comments?post=119640"}],"version-history":[{"count":2,"href":"https:\/\/www.sudoestehoje.com.br\/novoportal\/wp-json\/wp\/v2\/posts\/119640\/revisions"}],"predecessor-version":[{"id":119643,"href":"https:\/\/www.sudoestehoje.com.br\/novoportal\/wp-json\/wp\/v2\/posts\/119640\/revisions\/119643"}],"wp:featuredmedia":[{"embeddable":true,"href":"https:\/\/www.sudoestehoje.com.br\/novoportal\/wp-json\/wp\/v2\/media\/119642"}],"wp:attachment":[{"href":"https:\/\/www.sudoestehoje.com.br\/novoportal\/wp-json\/wp\/v2\/media?parent=119640"}],"wp:term":[{"taxonomy":"category","embeddable":true,"href":"https:\/\/www.sudoestehoje.com.br\/novoportal\/wp-json\/wp\/v2\/categories?post=119640"},{"taxonomy":"post_tag","embeddable":true,"href":"https:\/\/www.sudoestehoje.com.br\/novoportal\/wp-json\/wp\/v2\/tags?post=119640"}],"curies":[{"name":"wp","href":"https:\/\/api.w.org\/{rel}","templated":true}]}}