
{"id":119635,"date":"2024-11-06T21:14:13","date_gmt":"2024-11-07T00:14:13","guid":{"rendered":"https:\/\/www.sudoestehoje.com.br\/novoportal\/?p=119635"},"modified":"2024-11-06T21:14:13","modified_gmt":"2024-11-07T00:14:13","slug":"81-do-ano-letivo-e-afetado-por-tiroteios-no-entorno-das-escolas-publicas-em-salvador","status":"publish","type":"post","link":"https:\/\/www.sudoestehoje.com.br\/novoportal\/2024\/11\/06\/81-do-ano-letivo-e-afetado-por-tiroteios-no-entorno-das-escolas-publicas-em-salvador\/","title":{"rendered":"81% DO ANO LETIVO \u00c9 AFETADO POR TIROTEIOS NO ENTORNO DAS ESCOLAS P\u00daBLICAS EM SALVADOR"},"content":{"rendered":"<p><img loading=\"lazy\" decoding=\"async\" class=\"alignnone  wp-image-119637\" src=\"https:\/\/www.sudoestehoje.com.br\/novoportal\/wp-content\/uploads\/2024\/11\/IMAGEM_NOTICIA_0-600x400.jpg\" alt=\"\" width=\"549\" height=\"366\" srcset=\"https:\/\/www.sudoestehoje.com.br\/novoportal\/wp-content\/uploads\/2024\/11\/IMAGEM_NOTICIA_0-600x400.jpg 600w, https:\/\/www.sudoestehoje.com.br\/novoportal\/wp-content\/uploads\/2024\/11\/IMAGEM_NOTICIA_0-700x467.jpg 700w, https:\/\/www.sudoestehoje.com.br\/novoportal\/wp-content\/uploads\/2024\/11\/IMAGEM_NOTICIA_0-768x512.jpg 768w, https:\/\/www.sudoestehoje.com.br\/novoportal\/wp-content\/uploads\/2024\/11\/IMAGEM_NOTICIA_0.jpg 1200w\" sizes=\"auto, (max-width: 549px) 100vw, 549px\" \/><\/p>\n<p><strong>Viol\u00eancia armada \u00e9 parte do cotidiano das escolas soteropolitanas: 1 em cada 4 tiroteios mapeados na capital ocorre em hor\u00e1rio letivo e em at\u00e9 300 metros de dist\u00e2ncia de escolas p\u00fablicas.<\/strong><\/p>\n<p><strong>43% dos tiroteios registrados no entorno de unidades educacionais ocorrem durante a\u00e7\u00f5es policiais.\u00a0Em pouco mais de 2 anos, 76% das escolas p\u00fablicas de Salvador registraram tiroteios no seu entorno.<\/strong><\/p>\n<p><strong>O cotidiano escolar em Salvador \u00e9 marcado por tiroteios e disparos de armas de fogo. Dos 200 dias que devem compor o ano letivo, em m\u00e9dia, em 161 deles foi registrado ao menos um tiroteio no entorno de uma unidade escolar. Isso quer dizer que em 81% do ano letivo as crian\u00e7as e adolescentes matriculadas em escolas estaduais ou municipais da cidade convivem com a viol\u00eancia armada no entorno de suas escolas. <\/strong><\/p>\n<p><strong>O levantamento in\u00e9dito foi realizado pelo Instituto Fogo Cruzado e pela Iniciativa Negra por uma Nova Pol\u00edtica de Drogas, a partir de dados fornecidos pelas secretarias de educa\u00e7\u00e3o \u00e0 Defensoria P\u00fablica da Bahia, por meio da Especializada de Direitos Humanos e do N\u00facleo de Equidade Racial. Os dados considerados na pesquisa v\u00e3o de 04 de julho de 2022 a 30 de agosto de 2024.<\/strong><\/p>\n","protected":false},"excerpt":{"rendered":"<p>Viol\u00eancia armada \u00e9 parte do cotidiano das escolas soteropolitanas: 1 em cada 4 tiroteios mapeados na capital ocorre em hor\u00e1rio letivo e em at\u00e9 300 metros de dist\u00e2ncia de escolas p\u00fablicas. 43% dos tiroteios registrados no entorno de unidades educacionais ocorrem durante a\u00e7\u00f5es policiais.\u00a0Em pouco mais de 2 anos, 76% das escolas p\u00fablicas de Salvador [&hellip;]<\/p>\n","protected":false},"author":2,"featured_media":119637,"comment_status":"closed","ping_status":"open","sticky":false,"template":"","format":"standard","meta":{"footnotes":"","_links_to":"","_links_to_target":""},"categories":[1],"tags":[],"class_list":["post-119635","post","type-post","status-publish","format-standard","has-post-thumbnail","hentry","category-geral"],"views":633,"_links":{"self":[{"href":"https:\/\/www.sudoestehoje.com.br\/novoportal\/wp-json\/wp\/v2\/posts\/119635","targetHints":{"allow":["GET"]}}],"collection":[{"href":"https:\/\/www.sudoestehoje.com.br\/novoportal\/wp-json\/wp\/v2\/posts"}],"about":[{"href":"https:\/\/www.sudoestehoje.com.br\/novoportal\/wp-json\/wp\/v2\/types\/post"}],"author":[{"embeddable":true,"href":"https:\/\/www.sudoestehoje.com.br\/novoportal\/wp-json\/wp\/v2\/users\/2"}],"replies":[{"embeddable":true,"href":"https:\/\/www.sudoestehoje.com.br\/novoportal\/wp-json\/wp\/v2\/comments?post=119635"}],"version-history":[{"count":2,"href":"https:\/\/www.sudoestehoje.com.br\/novoportal\/wp-json\/wp\/v2\/posts\/119635\/revisions"}],"predecessor-version":[{"id":119638,"href":"https:\/\/www.sudoestehoje.com.br\/novoportal\/wp-json\/wp\/v2\/posts\/119635\/revisions\/119638"}],"wp:featuredmedia":[{"embeddable":true,"href":"https:\/\/www.sudoestehoje.com.br\/novoportal\/wp-json\/wp\/v2\/media\/119637"}],"wp:attachment":[{"href":"https:\/\/www.sudoestehoje.com.br\/novoportal\/wp-json\/wp\/v2\/media?parent=119635"}],"wp:term":[{"taxonomy":"category","embeddable":true,"href":"https:\/\/www.sudoestehoje.com.br\/novoportal\/wp-json\/wp\/v2\/categories?post=119635"},{"taxonomy":"post_tag","embeddable":true,"href":"https:\/\/www.sudoestehoje.com.br\/novoportal\/wp-json\/wp\/v2\/tags?post=119635"}],"curies":[{"name":"wp","href":"https:\/\/api.w.org\/{rel}","templated":true}]}}