
{"id":119627,"date":"2024-11-06T09:53:37","date_gmt":"2024-11-06T12:53:37","guid":{"rendered":"https:\/\/www.sudoestehoje.com.br\/novoportal\/?p=119627"},"modified":"2024-11-06T09:53:37","modified_gmt":"2024-11-06T12:53:37","slug":"itapetinga-inauguracao-do-atakarejo-acontecera-em-dezembro-antes-do-natal","status":"publish","type":"post","link":"https:\/\/www.sudoestehoje.com.br\/novoportal\/2024\/11\/06\/itapetinga-inauguracao-do-atakarejo-acontecera-em-dezembro-antes-do-natal\/","title":{"rendered":"ITAPETINGA | INAUGURA\u00c7\u00c3O DO ATAKAREJO ACONTECER\u00c1 EM DEZEMBRO, ANTES DO NATAL"},"content":{"rendered":"<p><img loading=\"lazy\" decoding=\"async\" class=\"alignnone  wp-image-119630\" src=\"https:\/\/www.sudoestehoje.com.br\/novoportal\/wp-content\/uploads\/2024\/11\/dji_fly_20240904_151138_488_1725474943789_photo_optimized-800x600-1-600x450.jpg\" alt=\"\" width=\"551\" height=\"413\" srcset=\"https:\/\/www.sudoestehoje.com.br\/novoportal\/wp-content\/uploads\/2024\/11\/dji_fly_20240904_151138_488_1725474943789_photo_optimized-800x600-1-600x450.jpg 600w, https:\/\/www.sudoestehoje.com.br\/novoportal\/wp-content\/uploads\/2024\/11\/dji_fly_20240904_151138_488_1725474943789_photo_optimized-800x600-1-700x525.jpg 700w, https:\/\/www.sudoestehoje.com.br\/novoportal\/wp-content\/uploads\/2024\/11\/dji_fly_20240904_151138_488_1725474943789_photo_optimized-800x600-1-768x576.jpg 768w, https:\/\/www.sudoestehoje.com.br\/novoportal\/wp-content\/uploads\/2024\/11\/dji_fly_20240904_151138_488_1725474943789_photo_optimized-800x600-1.jpg 800w\" sizes=\"auto, (max-width: 551px) 100vw, 551px\" \/><\/p>\n<p><strong>Atrav\u00e9s de contato com a Assessoria de Comunica\u00e7\u00e3o do grupo Atakarejo, o<span style=\"color: #0000ff;\"><em> Sudoeste Hoje<\/em><\/span> foi informado, com exclusividade, que a inaugura\u00e7\u00e3o da unidade do atacadista em Itapetinga est\u00e1 programada para o m\u00eas de dezembro, em per\u00edodo pr\u00f3ximo ao Natal, quando as vendas no com\u00e9rcio costumam aquecer.<\/strong><\/p>\n<p><strong>Antes de inaugurar a loja de Itapetinga, duas outras unidades do Atakarejo ser\u00e3o entregues na Bahia, de acordo com a dire\u00e7\u00e3o do grupo.<\/strong><\/p>\n<p><strong>Nos bastidores da administra\u00e7\u00e3o municipal, correm informa\u00e7\u00f5es de que a data prov\u00e1vel para entrega do Atakarejo \u00e0 popula\u00e7\u00e3o de Itapetinga ser\u00e1 o dia 12 de dezembro, durante os festejos do anivers\u00e1rio do munic\u00edpio.\u00a0\u00a0<\/strong><\/p>\n<p><strong>A confirmar&#8230;<\/strong><\/p>\n<p><strong>Por Davi Ferraz<\/strong><\/p>\n","protected":false},"excerpt":{"rendered":"<p>Atrav\u00e9s de contato com a Assessoria de Comunica\u00e7\u00e3o do grupo Atakarejo, o Sudoeste Hoje foi informado, com exclusividade, que a inaugura\u00e7\u00e3o da unidade do atacadista em Itapetinga est\u00e1 programada para o m\u00eas de dezembro, em per\u00edodo pr\u00f3ximo ao Natal, quando as vendas no com\u00e9rcio costumam aquecer. Antes de inaugurar a loja de Itapetinga, duas outras [&hellip;]<\/p>\n","protected":false},"author":2,"featured_media":119630,"comment_status":"closed","ping_status":"open","sticky":false,"template":"","format":"standard","meta":{"footnotes":"","_links_to":"","_links_to_target":""},"categories":[1],"tags":[],"class_list":["post-119627","post","type-post","status-publish","format-standard","has-post-thumbnail","hentry","category-geral"],"views":365,"_links":{"self":[{"href":"https:\/\/www.sudoestehoje.com.br\/novoportal\/wp-json\/wp\/v2\/posts\/119627","targetHints":{"allow":["GET"]}}],"collection":[{"href":"https:\/\/www.sudoestehoje.com.br\/novoportal\/wp-json\/wp\/v2\/posts"}],"about":[{"href":"https:\/\/www.sudoestehoje.com.br\/novoportal\/wp-json\/wp\/v2\/types\/post"}],"author":[{"embeddable":true,"href":"https:\/\/www.sudoestehoje.com.br\/novoportal\/wp-json\/wp\/v2\/users\/2"}],"replies":[{"embeddable":true,"href":"https:\/\/www.sudoestehoje.com.br\/novoportal\/wp-json\/wp\/v2\/comments?post=119627"}],"version-history":[{"count":4,"href":"https:\/\/www.sudoestehoje.com.br\/novoportal\/wp-json\/wp\/v2\/posts\/119627\/revisions"}],"predecessor-version":[{"id":119632,"href":"https:\/\/www.sudoestehoje.com.br\/novoportal\/wp-json\/wp\/v2\/posts\/119627\/revisions\/119632"}],"wp:featuredmedia":[{"embeddable":true,"href":"https:\/\/www.sudoestehoje.com.br\/novoportal\/wp-json\/wp\/v2\/media\/119630"}],"wp:attachment":[{"href":"https:\/\/www.sudoestehoje.com.br\/novoportal\/wp-json\/wp\/v2\/media?parent=119627"}],"wp:term":[{"taxonomy":"category","embeddable":true,"href":"https:\/\/www.sudoestehoje.com.br\/novoportal\/wp-json\/wp\/v2\/categories?post=119627"},{"taxonomy":"post_tag","embeddable":true,"href":"https:\/\/www.sudoestehoje.com.br\/novoportal\/wp-json\/wp\/v2\/tags?post=119627"}],"curies":[{"name":"wp","href":"https:\/\/api.w.org\/{rel}","templated":true}]}}