
{"id":119607,"date":"2024-11-05T10:34:32","date_gmt":"2024-11-05T13:34:32","guid":{"rendered":"https:\/\/www.sudoestehoje.com.br\/novoportal\/?p=119607"},"modified":"2024-11-05T10:34:32","modified_gmt":"2024-11-05T13:34:32","slug":"bandeira-amarela-e-acionada-e-alivia-contas-de-luz-a-partir-de-novembro","status":"publish","type":"post","link":"https:\/\/www.sudoestehoje.com.br\/novoportal\/2024\/11\/05\/bandeira-amarela-e-acionada-e-alivia-contas-de-luz-a-partir-de-novembro\/","title":{"rendered":"BANDEIRA AMARELA \u00c9 ACIONADA E ALIVIA CONTAS DE LUZ A PARTIR DE NOVEMBRO"},"content":{"rendered":"<p><img loading=\"lazy\" decoding=\"async\" class=\"alignnone  wp-image-119609\" src=\"https:\/\/www.sudoestehoje.com.br\/novoportal\/wp-content\/uploads\/2024\/11\/Contaenergia-600x359.jpg\" alt=\"\" width=\"550\" height=\"329\" srcset=\"https:\/\/www.sudoestehoje.com.br\/novoportal\/wp-content\/uploads\/2024\/11\/Contaenergia-600x359.jpg 600w, https:\/\/www.sudoestehoje.com.br\/novoportal\/wp-content\/uploads\/2024\/11\/Contaenergia.jpg 700w\" sizes=\"auto, (max-width: 550px) 100vw, 550px\" \/><\/p>\n<p><strong>A bandeira amarela sobre as contas de luz passou a vigorar nessa sexta-feira (1\u00b0). Nos meses de setembro e outubro, os valores eram definidos com base na bandeira vermelha, considerada mais cara.<\/strong><\/p>\n<p><strong>A partir de agora, o valor extra cobrado para cada 100 kwh consumidos passa de R$ 7,87 para R$ 1,88.\u00a0De acordo com a Ag\u00eancia Nacional de Energia El\u00e9trica\u00a0<a href=\"https:\/\/www.gov.br\/aneel\/pt-br\" target=\"_blank\" rel=\"noopener\">(Aneel)<\/a>, a troca da bandeira vermelha pela amarela ocorreu devido ao aumento do volume de chuvas registrado no \u00faltimo m\u00eas.<\/strong><\/p>\n<p><strong>Com a estiagem notada no Norte do Brasil, usinas hidrel\u00e9tricas geram menos energia. Neste caso, para atender aos hor\u00e1rios de pico de consumo e baixa gera\u00e7\u00e3o de energia renov\u00e1vel, \u00e9 preciso acionar usinas termel\u00e9tricas, que s\u00e3o mais caras. Isso acarreta aumento no pre\u00e7o da conta de luz.<\/strong><\/p>\n<p><strong>O aumento do custo da energia el\u00e9trica no pa\u00eds contribuiu, inclusive, para o aumento da infla\u00e7\u00e3o em setembro. De acordo com informa\u00e7\u00f5es do Instituto Brasileiro de Geografia e Estat\u00edstica (IBGE), o \u00cdndice de Pre\u00e7os ao Consumidor Amplo daquele m\u00eas apontou um aumento de 0,44%.<\/strong><\/p>\n<p><strong>Cada bandeira tarif\u00e1ria tem uma especifica\u00e7\u00e3o. Quando a verde \u00e9 acionada, significa que as condi\u00e7\u00f5es sobre gera\u00e7\u00e3o de energia est\u00e3o favor\u00e1veis e n\u00e3o h\u00e1 custo extra. J\u00e1 a bandeira amarela significa que a situa\u00e7\u00e3o ficou menos favor\u00e1vel\u00a0e h\u00e1 um custo adicional de R$ 1,88 a cada 100kWh. J\u00e1 a bandeira vermelha \u00e9 acionada quando o quadro fica desfavor\u00e1vel e o custo adicional pode chegar a R$ 7,87 a cada 100 kWh.\u00a0<\/strong><\/p>\n","protected":false},"excerpt":{"rendered":"<p>A bandeira amarela sobre as contas de luz passou a vigorar nessa sexta-feira (1\u00b0). Nos meses de setembro e outubro, os valores eram definidos com base na bandeira vermelha, considerada mais cara. A partir de agora, o valor extra cobrado para cada 100 kwh consumidos passa de R$ 7,87 para R$ 1,88.\u00a0De acordo com a [&hellip;]<\/p>\n","protected":false},"author":2,"featured_media":119609,"comment_status":"closed","ping_status":"open","sticky":false,"template":"","format":"standard","meta":{"footnotes":"","_links_to":"","_links_to_target":""},"categories":[1],"tags":[],"class_list":["post-119607","post","type-post","status-publish","format-standard","has-post-thumbnail","hentry","category-geral"],"views":383,"_links":{"self":[{"href":"https:\/\/www.sudoestehoje.com.br\/novoportal\/wp-json\/wp\/v2\/posts\/119607","targetHints":{"allow":["GET"]}}],"collection":[{"href":"https:\/\/www.sudoestehoje.com.br\/novoportal\/wp-json\/wp\/v2\/posts"}],"about":[{"href":"https:\/\/www.sudoestehoje.com.br\/novoportal\/wp-json\/wp\/v2\/types\/post"}],"author":[{"embeddable":true,"href":"https:\/\/www.sudoestehoje.com.br\/novoportal\/wp-json\/wp\/v2\/users\/2"}],"replies":[{"embeddable":true,"href":"https:\/\/www.sudoestehoje.com.br\/novoportal\/wp-json\/wp\/v2\/comments?post=119607"}],"version-history":[{"count":3,"href":"https:\/\/www.sudoestehoje.com.br\/novoportal\/wp-json\/wp\/v2\/posts\/119607\/revisions"}],"predecessor-version":[{"id":119611,"href":"https:\/\/www.sudoestehoje.com.br\/novoportal\/wp-json\/wp\/v2\/posts\/119607\/revisions\/119611"}],"wp:featuredmedia":[{"embeddable":true,"href":"https:\/\/www.sudoestehoje.com.br\/novoportal\/wp-json\/wp\/v2\/media\/119609"}],"wp:attachment":[{"href":"https:\/\/www.sudoestehoje.com.br\/novoportal\/wp-json\/wp\/v2\/media?parent=119607"}],"wp:term":[{"taxonomy":"category","embeddable":true,"href":"https:\/\/www.sudoestehoje.com.br\/novoportal\/wp-json\/wp\/v2\/categories?post=119607"},{"taxonomy":"post_tag","embeddable":true,"href":"https:\/\/www.sudoestehoje.com.br\/novoportal\/wp-json\/wp\/v2\/tags?post=119607"}],"curies":[{"name":"wp","href":"https:\/\/api.w.org\/{rel}","templated":true}]}}