
{"id":119604,"date":"2024-11-05T09:00:16","date_gmt":"2024-11-05T12:00:16","guid":{"rendered":"https:\/\/www.sudoestehoje.com.br\/novoportal\/?p=119604"},"modified":"2024-11-05T09:00:16","modified_gmt":"2024-11-05T12:00:16","slug":"prefeito-eleito-na-lapa-pode-desistir-para-continuar-como-deputado-estadual","status":"publish","type":"post","link":"https:\/\/www.sudoestehoje.com.br\/novoportal\/2024\/11\/05\/prefeito-eleito-na-lapa-pode-desistir-para-continuar-como-deputado-estadual\/","title":{"rendered":"PREFEITO ELEITO NA LAPA PODE DESISTIR PARA CONTINUAR COMO DEPUTADO ESTADUAL"},"content":{"rendered":"<p><img loading=\"lazy\" decoding=\"async\" class=\"alignnone  wp-image-119605\" src=\"https:\/\/www.sudoestehoje.com.br\/novoportal\/wp-content\/uploads\/2024\/11\/57137-901467-2023-05-25-17-04-49-600x338.jpg\" alt=\"\" width=\"550\" height=\"310\" srcset=\"https:\/\/www.sudoestehoje.com.br\/novoportal\/wp-content\/uploads\/2024\/11\/57137-901467-2023-05-25-17-04-49-600x338.jpg 600w, https:\/\/www.sudoestehoje.com.br\/novoportal\/wp-content\/uploads\/2024\/11\/57137-901467-2023-05-25-17-04-49-700x394.jpg 700w, https:\/\/www.sudoestehoje.com.br\/novoportal\/wp-content\/uploads\/2024\/11\/57137-901467-2023-05-25-17-04-49-768x432.jpg 768w, https:\/\/www.sudoestehoje.com.br\/novoportal\/wp-content\/uploads\/2024\/11\/57137-901467-2023-05-25-17-04-49.jpg 951w\" sizes=\"auto, (max-width: 550px) 100vw, 550px\" \/><\/p>\n<p><strong>Mesmo eleito em\u00a0Bom Jesus da Lapa, no Oeste baiano, Eures Ribeiro (PSD), pode n\u00e3o assumir cargo. Isso mesmo. Ribeiro j\u00e1 considera n\u00e3o assumir o cargo em 1\u00b0 de janeiro de 2025 e seguir como deputado estadual, informou o\u00a0Pol\u00edticos do Sul da Bahia, parceiro do Bahia Not\u00edcias.<\/strong><\/p>\n<p><strong>Eures estaria em an\u00e1lise da decis\u00e3o, o que tem repercutido nos bastidores pol\u00edticos, sobretudo dentro do PSD baiano. Com uma poss\u00edvel desist\u00eancia de Eures, assumiria em seu lugar o vice-prefeito eleito, Miguel Leles (PSD). Na elei\u00e7\u00e3o deste ano, Ribeiro venceu um ex-aliado F\u00e1bio Nunes (PT), atual prefeito, que ficou em segundo lugar no pleito.<\/strong><\/p>\n<p><strong>Caso abandone o cargo de prefeito, a situa\u00e7\u00e3o passa a se assemelhar ao caso de J\u00e2nio Natal (PL). Em 2016, ele foi eleito prefeito de Belmonte, se diplomou, mas n\u00e3o assumiu,\u00a0passando o cargo para o ent\u00e3o vice-prefeito eleito, o irm\u00e3o dele, Janival Andrade.<\/strong><\/p>\n<p><strong>Esse caso, inclusive, foi julgado no Tribunal Regional Eleitoral (TRE-BA) neste ano.\u00a0A Corte baiana deferiu a candidatura de J\u00e2nio Natal\u00a0sob acusa\u00e7\u00e3o de terceiro mandato, mas a situa\u00e7\u00e3o ainda deve ser julgada no Tribunal Superior Eleitoral (TSE).\u00a0<\/strong><\/p>\n","protected":false},"excerpt":{"rendered":"<p>Mesmo eleito em\u00a0Bom Jesus da Lapa, no Oeste baiano, Eures Ribeiro (PSD), pode n\u00e3o assumir cargo. Isso mesmo. Ribeiro j\u00e1 considera n\u00e3o assumir o cargo em 1\u00b0 de janeiro de 2025 e seguir como deputado estadual, informou o\u00a0Pol\u00edticos do Sul da Bahia, parceiro do Bahia Not\u00edcias. Eures estaria em an\u00e1lise da decis\u00e3o, o que tem [&hellip;]<\/p>\n","protected":false},"author":2,"featured_media":119605,"comment_status":"closed","ping_status":"open","sticky":false,"template":"","format":"standard","meta":{"footnotes":"","_links_to":"","_links_to_target":""},"categories":[1],"tags":[],"class_list":["post-119604","post","type-post","status-publish","format-standard","has-post-thumbnail","hentry","category-geral"],"views":717,"_links":{"self":[{"href":"https:\/\/www.sudoestehoje.com.br\/novoportal\/wp-json\/wp\/v2\/posts\/119604","targetHints":{"allow":["GET"]}}],"collection":[{"href":"https:\/\/www.sudoestehoje.com.br\/novoportal\/wp-json\/wp\/v2\/posts"}],"about":[{"href":"https:\/\/www.sudoestehoje.com.br\/novoportal\/wp-json\/wp\/v2\/types\/post"}],"author":[{"embeddable":true,"href":"https:\/\/www.sudoestehoje.com.br\/novoportal\/wp-json\/wp\/v2\/users\/2"}],"replies":[{"embeddable":true,"href":"https:\/\/www.sudoestehoje.com.br\/novoportal\/wp-json\/wp\/v2\/comments?post=119604"}],"version-history":[{"count":1,"href":"https:\/\/www.sudoestehoje.com.br\/novoportal\/wp-json\/wp\/v2\/posts\/119604\/revisions"}],"predecessor-version":[{"id":119606,"href":"https:\/\/www.sudoestehoje.com.br\/novoportal\/wp-json\/wp\/v2\/posts\/119604\/revisions\/119606"}],"wp:featuredmedia":[{"embeddable":true,"href":"https:\/\/www.sudoestehoje.com.br\/novoportal\/wp-json\/wp\/v2\/media\/119605"}],"wp:attachment":[{"href":"https:\/\/www.sudoestehoje.com.br\/novoportal\/wp-json\/wp\/v2\/media?parent=119604"}],"wp:term":[{"taxonomy":"category","embeddable":true,"href":"https:\/\/www.sudoestehoje.com.br\/novoportal\/wp-json\/wp\/v2\/categories?post=119604"},{"taxonomy":"post_tag","embeddable":true,"href":"https:\/\/www.sudoestehoje.com.br\/novoportal\/wp-json\/wp\/v2\/tags?post=119604"}],"curies":[{"name":"wp","href":"https:\/\/api.w.org\/{rel}","templated":true}]}}