
{"id":119600,"date":"2024-11-04T09:46:53","date_gmt":"2024-11-04T12:46:53","guid":{"rendered":"https:\/\/www.sudoestehoje.com.br\/novoportal\/?p=119600"},"modified":"2024-11-04T09:46:53","modified_gmt":"2024-11-04T12:46:53","slug":"morre-o-cantor-agnaldo-rayol-86-anos","status":"publish","type":"post","link":"https:\/\/www.sudoestehoje.com.br\/novoportal\/2024\/11\/04\/morre-o-cantor-agnaldo-rayol-86-anos\/","title":{"rendered":"MORRE O CANTOR AGNALDO RAYOL, 86 ANOS"},"content":{"rendered":"<p><img loading=\"lazy\" decoding=\"async\" class=\"alignnone  wp-image-119602\" src=\"https:\/\/www.sudoestehoje.com.br\/novoportal\/wp-content\/uploads\/2024\/11\/central-brasileira-de-shows-a-voz-poderosa-de-agnaldo-rayol_widelg_widemd.jpg\" alt=\"\" width=\"549\" height=\"308\" \/><\/p>\n<p><strong>O cantor Agnaldo Rayol morreu, aos 86 anos, na madrugada desta segunda-feira (4). Ele faleceu ap\u00f3s sofrer uma queda em sua casa em Santana, na zona norte de S\u00e3o Paulo.<\/strong><\/p>\n<p><strong>O artista estava acompanhado de um cuidador da fam\u00edlia. Ele estava l\u00facido quando o Servi\u00e7o de Atendimento M\u00f3vel de Urg\u00eancia (SAMU) foi acionado.<\/strong><\/p>\n<p><strong>De acordo com a assessoria de imprensa do artista, a ambul\u00e2ncia demorou a chegar.\u00a0Rayol foi levado ao Hospital HSanp, tamb\u00e9m no bairro de Santana. Ele tinha um corte na cabe\u00e7a.<\/strong><\/p>\n<h2><strong>Agnaldo Rayol<\/strong><\/h2>\n<p><strong>Agnaldo Rayol ficou conhecido pela voz de bar\u00edtono e sua participa\u00e7\u00e3o como cantor e apresentador em diversas atra\u00e7\u00f5es da televis\u00e3o brasileira.<\/strong><\/p>\n<p><strong>Entre os maiores sucesso do artista, est\u00e3o suas interpreta\u00e7\u00f5es de can\u00e7\u00f5es italianas, tais como \u201cMia Gioconda\u201d e \u201cTormento D\u2019Amore\u201d.<\/strong><\/p>\n<p><strong>Em nota, a assessoria de imprensa do cantor destacou a trajet\u00f3ria de Rayol:<\/strong><\/p>\n<p><strong>\u201cAgnaldo Rayol deixa um legado inestim\u00e1vel para a m\u00fasica brasileira, com uma carreira que atravessou d\u00e9cadas e tocou os cora\u00e7\u00f5es de milh\u00f5es de f\u00e3s. A fam\u00edlia agradece as manifesta\u00e7\u00f5es de carinho e apoio. Informa\u00e7\u00f5es sobre o vel\u00f3rio e cerim\u00f4nia de despedida ser\u00e3o divulgadas em breve\u201d, diz o comunicado.<\/strong><\/p>\n","protected":false},"excerpt":{"rendered":"<p>O cantor Agnaldo Rayol morreu, aos 86 anos, na madrugada desta segunda-feira (4). Ele faleceu ap\u00f3s sofrer uma queda em sua casa em Santana, na zona norte de S\u00e3o Paulo. O artista estava acompanhado de um cuidador da fam\u00edlia. Ele estava l\u00facido quando o Servi\u00e7o de Atendimento M\u00f3vel de Urg\u00eancia (SAMU) foi acionado. De acordo [&hellip;]<\/p>\n","protected":false},"author":2,"featured_media":119602,"comment_status":"closed","ping_status":"open","sticky":false,"template":"","format":"standard","meta":{"footnotes":"","_links_to":"","_links_to_target":""},"categories":[1],"tags":[],"class_list":["post-119600","post","type-post","status-publish","format-standard","has-post-thumbnail","hentry","category-geral"],"views":606,"_links":{"self":[{"href":"https:\/\/www.sudoestehoje.com.br\/novoportal\/wp-json\/wp\/v2\/posts\/119600","targetHints":{"allow":["GET"]}}],"collection":[{"href":"https:\/\/www.sudoestehoje.com.br\/novoportal\/wp-json\/wp\/v2\/posts"}],"about":[{"href":"https:\/\/www.sudoestehoje.com.br\/novoportal\/wp-json\/wp\/v2\/types\/post"}],"author":[{"embeddable":true,"href":"https:\/\/www.sudoestehoje.com.br\/novoportal\/wp-json\/wp\/v2\/users\/2"}],"replies":[{"embeddable":true,"href":"https:\/\/www.sudoestehoje.com.br\/novoportal\/wp-json\/wp\/v2\/comments?post=119600"}],"version-history":[{"count":2,"href":"https:\/\/www.sudoestehoje.com.br\/novoportal\/wp-json\/wp\/v2\/posts\/119600\/revisions"}],"predecessor-version":[{"id":119603,"href":"https:\/\/www.sudoestehoje.com.br\/novoportal\/wp-json\/wp\/v2\/posts\/119600\/revisions\/119603"}],"wp:featuredmedia":[{"embeddable":true,"href":"https:\/\/www.sudoestehoje.com.br\/novoportal\/wp-json\/wp\/v2\/media\/119602"}],"wp:attachment":[{"href":"https:\/\/www.sudoestehoje.com.br\/novoportal\/wp-json\/wp\/v2\/media?parent=119600"}],"wp:term":[{"taxonomy":"category","embeddable":true,"href":"https:\/\/www.sudoestehoje.com.br\/novoportal\/wp-json\/wp\/v2\/categories?post=119600"},{"taxonomy":"post_tag","embeddable":true,"href":"https:\/\/www.sudoestehoje.com.br\/novoportal\/wp-json\/wp\/v2\/tags?post=119600"}],"curies":[{"name":"wp","href":"https:\/\/api.w.org\/{rel}","templated":true}]}}