
{"id":119591,"date":"2024-11-02T20:25:08","date_gmt":"2024-11-02T23:25:08","guid":{"rendered":"https:\/\/www.sudoestehoje.com.br\/novoportal\/?p=119591"},"modified":"2024-11-02T20:25:08","modified_gmt":"2024-11-02T23:25:08","slug":"vereador-mais-votado-de-eunapolis-e-preso-com-arma-escondida-o-banheiro","status":"publish","type":"post","link":"https:\/\/www.sudoestehoje.com.br\/novoportal\/2024\/11\/02\/vereador-mais-votado-de-eunapolis-e-preso-com-arma-escondida-o-banheiro\/","title":{"rendered":"VEREADOR MAIS VOTADO DE EUN\u00c1POLIS \u00c9 PRESO COM ARMA ESCONDIDA O BANHEIRO"},"content":{"rendered":"<p><img loading=\"lazy\" decoding=\"async\" class=\"alignnone  wp-image-119593\" src=\"https:\/\/www.sudoestehoje.com.br\/novoportal\/wp-content\/uploads\/2024\/11\/aa1378ab-d7c8-4998-93fc-a5304f3b4045-600x329.jpeg\" alt=\"\" width=\"551\" height=\"302\" srcset=\"https:\/\/www.sudoestehoje.com.br\/novoportal\/wp-content\/uploads\/2024\/11\/aa1378ab-d7c8-4998-93fc-a5304f3b4045-600x329.jpeg 600w, https:\/\/www.sudoestehoje.com.br\/novoportal\/wp-content\/uploads\/2024\/11\/aa1378ab-d7c8-4998-93fc-a5304f3b4045-700x384.jpeg 700w, https:\/\/www.sudoestehoje.com.br\/novoportal\/wp-content\/uploads\/2024\/11\/aa1378ab-d7c8-4998-93fc-a5304f3b4045-768x421.jpeg 768w, https:\/\/www.sudoestehoje.com.br\/novoportal\/wp-content\/uploads\/2024\/11\/aa1378ab-d7c8-4998-93fc-a5304f3b4045.jpeg 828w\" sizes=\"auto, (max-width: 551px) 100vw, 551px\" \/><\/p>\n<p><strong>O vereador mais votado da cidade de Eun\u00e1polis, localizada no extremo sul da Bahia, foi preso, nesta sexta-feira (01\/11), sob suspeita de posse ilegal de arma de fogo. A pris\u00e3o ocorreu durante o cumprimento de mandados de busca e apreens\u00e3o na resid\u00eancia do parlamentar.<\/strong><\/p>\n<p><strong>Na resid\u00eancia de Adriano Cardoso (PP), 34, policiais civis encontraram uma arma pistola, calibre 9mm, com a numera\u00e7\u00e3o raspada, escondida na descarga do vaso sanit\u00e1rio na su\u00edte dele e da esposa.<\/strong><\/p>\n<p><strong>Conforme a Pol\u00edcia Civil, a arma foi encontrada durante uma opera\u00e7\u00e3o que investiga crimes eleitorais, incluindo compra de votos, transporte irregular de eleitores e usurpa\u00e7\u00e3o de servi\u00e7os da Justi\u00e7a Eleitoral. Al\u00e9m do vereador, outros tr\u00eas parlamentares investigados tiveram suas casas revistadas.<\/strong><\/p>\n<p><strong>Todos os materiais encontrados foram encaminhados para per\u00edcia. Adriano Cardoso (PP) realizou os exames legais e est\u00e1 \u00e0 disposi\u00e7\u00e3o da Justi\u00e7a.<\/strong><\/p>\n","protected":false},"excerpt":{"rendered":"<p>O vereador mais votado da cidade de Eun\u00e1polis, localizada no extremo sul da Bahia, foi preso, nesta sexta-feira (01\/11), sob suspeita de posse ilegal de arma de fogo. A pris\u00e3o ocorreu durante o cumprimento de mandados de busca e apreens\u00e3o na resid\u00eancia do parlamentar. Na resid\u00eancia de Adriano Cardoso (PP), 34, policiais civis encontraram uma [&hellip;]<\/p>\n","protected":false},"author":2,"featured_media":119593,"comment_status":"closed","ping_status":"open","sticky":false,"template":"","format":"standard","meta":{"footnotes":"","_links_to":"","_links_to_target":""},"categories":[1],"tags":[],"class_list":["post-119591","post","type-post","status-publish","format-standard","has-post-thumbnail","hentry","category-geral"],"views":698,"_links":{"self":[{"href":"https:\/\/www.sudoestehoje.com.br\/novoportal\/wp-json\/wp\/v2\/posts\/119591","targetHints":{"allow":["GET"]}}],"collection":[{"href":"https:\/\/www.sudoestehoje.com.br\/novoportal\/wp-json\/wp\/v2\/posts"}],"about":[{"href":"https:\/\/www.sudoestehoje.com.br\/novoportal\/wp-json\/wp\/v2\/types\/post"}],"author":[{"embeddable":true,"href":"https:\/\/www.sudoestehoje.com.br\/novoportal\/wp-json\/wp\/v2\/users\/2"}],"replies":[{"embeddable":true,"href":"https:\/\/www.sudoestehoje.com.br\/novoportal\/wp-json\/wp\/v2\/comments?post=119591"}],"version-history":[{"count":2,"href":"https:\/\/www.sudoestehoje.com.br\/novoportal\/wp-json\/wp\/v2\/posts\/119591\/revisions"}],"predecessor-version":[{"id":119594,"href":"https:\/\/www.sudoestehoje.com.br\/novoportal\/wp-json\/wp\/v2\/posts\/119591\/revisions\/119594"}],"wp:featuredmedia":[{"embeddable":true,"href":"https:\/\/www.sudoestehoje.com.br\/novoportal\/wp-json\/wp\/v2\/media\/119593"}],"wp:attachment":[{"href":"https:\/\/www.sudoestehoje.com.br\/novoportal\/wp-json\/wp\/v2\/media?parent=119591"}],"wp:term":[{"taxonomy":"category","embeddable":true,"href":"https:\/\/www.sudoestehoje.com.br\/novoportal\/wp-json\/wp\/v2\/categories?post=119591"},{"taxonomy":"post_tag","embeddable":true,"href":"https:\/\/www.sudoestehoje.com.br\/novoportal\/wp-json\/wp\/v2\/tags?post=119591"}],"curies":[{"name":"wp","href":"https:\/\/api.w.org\/{rel}","templated":true}]}}