
{"id":119582,"date":"2024-10-18T22:00:38","date_gmt":"2024-10-19T01:00:38","guid":{"rendered":"https:\/\/www.sudoestehoje.com.br\/novoportal\/?p=119582"},"modified":"2024-11-01T00:03:02","modified_gmt":"2024-11-01T03:03:02","slug":"pedro-tavares-cobra-do-governo-voos-regionais-diretos-para-ilheus","status":"publish","type":"post","link":"https:\/\/www.sudoestehoje.com.br\/novoportal\/2024\/10\/18\/pedro-tavares-cobra-do-governo-voos-regionais-diretos-para-ilheus\/","title":{"rendered":"PEDRO TAVARES COBRA DO GOVERNO VOOS REGIONAIS DIRETOS PARA ILH\u00c9US"},"content":{"rendered":"<p><img loading=\"lazy\" decoding=\"async\" class=\"alignnone wp-image-119583\" src=\"https:\/\/www.sudoestehoje.com.br\/novoportal\/wp-content\/uploads\/2024\/10\/1b923949-3ba2-4d8f-9041-f17f10f40989-600x597.jpg\" alt=\"\" width=\"549\" height=\"546\" srcset=\"https:\/\/www.sudoestehoje.com.br\/novoportal\/wp-content\/uploads\/2024\/10\/1b923949-3ba2-4d8f-9041-f17f10f40989-600x597.jpg 600w, https:\/\/www.sudoestehoje.com.br\/novoportal\/wp-content\/uploads\/2024\/10\/1b923949-3ba2-4d8f-9041-f17f10f40989-700x697.jpg 700w, https:\/\/www.sudoestehoje.com.br\/novoportal\/wp-content\/uploads\/2024\/10\/1b923949-3ba2-4d8f-9041-f17f10f40989-150x150.jpg 150w, https:\/\/www.sudoestehoje.com.br\/novoportal\/wp-content\/uploads\/2024\/10\/1b923949-3ba2-4d8f-9041-f17f10f40989-768x764.jpg 768w, https:\/\/www.sudoestehoje.com.br\/novoportal\/wp-content\/uploads\/2024\/10\/1b923949-3ba2-4d8f-9041-f17f10f40989.jpg 1040w\" sizes=\"auto, (max-width: 549px) 100vw, 549px\" \/><\/p>\n<p><strong>Essa semana o deputado Pedro Tavares cobrou ao Governo, um posicionamento em rela\u00e7\u00e3o \u00e0 falta de voos regionais diretos para Ilh\u00e9us, um destino tur\u00edstico muito importante do nosso estado, mas que sofre com essa dificuldade de deslocamento.<\/strong><\/p>\n<p><strong>Vale ressaltar que os voos dispon\u00edveis t\u00eam pre\u00e7os exorbitantes e absurdos, tornando-se muitas vezes mais caros do que viajar para Lisboa (PO).<\/strong><\/p>\n<p><strong>&#8220;O Governo lan\u00e7ou um programa de incentivo aos voos regionais, mas contemplou apenas as cidades de Barreiras, Guanambi e Len\u00e7\u00f3is. N\u00e3o iremos descansar enquanto n\u00e3o vermos uma solu\u00e7\u00e3o referente \u00e0 falta de voos diretos para Ilh\u00e9us&#8221;, disse Pedro Tavares. \/\/.Ascom<\/strong><\/p>\n","protected":false},"excerpt":{"rendered":"<p>Essa semana o deputado Pedro Tavares cobrou ao Governo, um posicionamento em rela\u00e7\u00e3o \u00e0 falta de voos regionais diretos para Ilh\u00e9us, um destino tur\u00edstico muito importante do nosso estado, mas que sofre com essa dificuldade de deslocamento. Vale ressaltar que os voos dispon\u00edveis t\u00eam pre\u00e7os exorbitantes e absurdos, tornando-se muitas vezes mais caros do que [&hellip;]<\/p>\n","protected":false},"author":2,"featured_media":119583,"comment_status":"closed","ping_status":"open","sticky":false,"template":"","format":"standard","meta":{"footnotes":"","_links_to":"","_links_to_target":""},"categories":[1],"tags":[],"class_list":["post-119582","post","type-post","status-publish","format-standard","has-post-thumbnail","hentry","category-geral"],"views":269,"_links":{"self":[{"href":"https:\/\/www.sudoestehoje.com.br\/novoportal\/wp-json\/wp\/v2\/posts\/119582","targetHints":{"allow":["GET"]}}],"collection":[{"href":"https:\/\/www.sudoestehoje.com.br\/novoportal\/wp-json\/wp\/v2\/posts"}],"about":[{"href":"https:\/\/www.sudoestehoje.com.br\/novoportal\/wp-json\/wp\/v2\/types\/post"}],"author":[{"embeddable":true,"href":"https:\/\/www.sudoestehoje.com.br\/novoportal\/wp-json\/wp\/v2\/users\/2"}],"replies":[{"embeddable":true,"href":"https:\/\/www.sudoestehoje.com.br\/novoportal\/wp-json\/wp\/v2\/comments?post=119582"}],"version-history":[{"count":1,"href":"https:\/\/www.sudoestehoje.com.br\/novoportal\/wp-json\/wp\/v2\/posts\/119582\/revisions"}],"predecessor-version":[{"id":119584,"href":"https:\/\/www.sudoestehoje.com.br\/novoportal\/wp-json\/wp\/v2\/posts\/119582\/revisions\/119584"}],"wp:featuredmedia":[{"embeddable":true,"href":"https:\/\/www.sudoestehoje.com.br\/novoportal\/wp-json\/wp\/v2\/media\/119583"}],"wp:attachment":[{"href":"https:\/\/www.sudoestehoje.com.br\/novoportal\/wp-json\/wp\/v2\/media?parent=119582"}],"wp:term":[{"taxonomy":"category","embeddable":true,"href":"https:\/\/www.sudoestehoje.com.br\/novoportal\/wp-json\/wp\/v2\/categories?post=119582"},{"taxonomy":"post_tag","embeddable":true,"href":"https:\/\/www.sudoestehoje.com.br\/novoportal\/wp-json\/wp\/v2\/tags?post=119582"}],"curies":[{"name":"wp","href":"https:\/\/api.w.org\/{rel}","templated":true}]}}