
{"id":119579,"date":"2024-10-30T23:30:43","date_gmt":"2024-10-31T02:30:43","guid":{"rendered":"https:\/\/www.sudoestehoje.com.br\/novoportal\/?p=119579"},"modified":"2024-10-31T23:47:01","modified_gmt":"2024-11-01T02:47:01","slug":"ccj-aprova-projeto-de-pedro-tavares-que-garante-alimentakao-segura-a-alunos-da-rede-estadual","status":"publish","type":"post","link":"https:\/\/www.sudoestehoje.com.br\/novoportal\/2024\/10\/30\/ccj-aprova-projeto-de-pedro-tavares-que-garante-alimentakao-segura-a-alunos-da-rede-estadual\/","title":{"rendered":"CCJ APROVA PROJETO DE PEDRO TAVARES QUE GARANTE ALIMENTAK\u00c3O SEGURA A ALUNOS DA REDE ESTADUAL"},"content":{"rendered":"<p><img loading=\"lazy\" decoding=\"async\" class=\"alignnone  wp-image-119580\" src=\"https:\/\/www.sudoestehoje.com.br\/novoportal\/wp-content\/uploads\/2024\/10\/49cd4476-c0b0-42f5-ad93-9ef3eaac84aa-600x681.jpg\" alt=\"\" width=\"550\" height=\"624\" srcset=\"https:\/\/www.sudoestehoje.com.br\/novoportal\/wp-content\/uploads\/2024\/10\/49cd4476-c0b0-42f5-ad93-9ef3eaac84aa-600x681.jpg 600w, https:\/\/www.sudoestehoje.com.br\/novoportal\/wp-content\/uploads\/2024\/10\/49cd4476-c0b0-42f5-ad93-9ef3eaac84aa-700x794.jpg 700w, https:\/\/www.sudoestehoje.com.br\/novoportal\/wp-content\/uploads\/2024\/10\/49cd4476-c0b0-42f5-ad93-9ef3eaac84aa-768x872.jpg 768w, https:\/\/www.sudoestehoje.com.br\/novoportal\/wp-content\/uploads\/2024\/10\/49cd4476-c0b0-42f5-ad93-9ef3eaac84aa.jpg 1052w\" sizes=\"auto, (max-width: 550px) 100vw, 550px\" \/><\/p>\n<p><strong>A Comiss\u00e3o de Constitui\u00e7\u00e3o e Justi\u00e7a (CCJ) da Assembleia Legislativa da Bahia (Alba) aprovou essa semana, o projeto de lei de autoria do deputado Pedro Tacares, que tem o objetivo de garantir uma alimenta\u00e7\u00e3o segura para alunos portadores de doen\u00e7a cel\u00edaca na rede p\u00fablica estadual de ensino.<\/strong><\/p>\n<p><strong>A ideia \u00e9 que seja ofertada uma merenda escolar sem gl\u00faten e derivados, atendendo diretamente \u00e0s necessidades alimentares dos estudantes, que n\u00e3o podem consumir a prote\u00edna presente no trigo e em outros cereais. Esse \u00e9 um passo essencial para promover uma educa\u00e7\u00e3o verdadeiramente inclusiva e saud\u00e1vel, respeitando as restri\u00e7\u00f5es alimentares das nossas crian\u00e7as e jovens. <\/strong><\/p>\n<p><strong>A proposta segue agora para as pr\u00f3ximas etapas de tramita\u00e7\u00e3o. Conforme pesquisas, o consumo de gl\u00faten pode impactar na aten\u00e7\u00e3o na sala de aula e no desempenho escolar.\/\/ Ascom<\/strong><\/p>\n","protected":false},"excerpt":{"rendered":"<p>A Comiss\u00e3o de Constitui\u00e7\u00e3o e Justi\u00e7a (CCJ) da Assembleia Legislativa da Bahia (Alba) aprovou essa semana, o projeto de lei de autoria do deputado Pedro Tacares, que tem o objetivo de garantir uma alimenta\u00e7\u00e3o segura para alunos portadores de doen\u00e7a cel\u00edaca na rede p\u00fablica estadual de ensino. A ideia \u00e9 que seja ofertada uma merenda [&hellip;]<\/p>\n","protected":false},"author":2,"featured_media":119580,"comment_status":"closed","ping_status":"open","sticky":false,"template":"","format":"standard","meta":{"footnotes":"","_links_to":"","_links_to_target":""},"categories":[1],"tags":[],"class_list":["post-119579","post","type-post","status-publish","format-standard","has-post-thumbnail","hentry","category-geral"],"views":177,"_links":{"self":[{"href":"https:\/\/www.sudoestehoje.com.br\/novoportal\/wp-json\/wp\/v2\/posts\/119579","targetHints":{"allow":["GET"]}}],"collection":[{"href":"https:\/\/www.sudoestehoje.com.br\/novoportal\/wp-json\/wp\/v2\/posts"}],"about":[{"href":"https:\/\/www.sudoestehoje.com.br\/novoportal\/wp-json\/wp\/v2\/types\/post"}],"author":[{"embeddable":true,"href":"https:\/\/www.sudoestehoje.com.br\/novoportal\/wp-json\/wp\/v2\/users\/2"}],"replies":[{"embeddable":true,"href":"https:\/\/www.sudoestehoje.com.br\/novoportal\/wp-json\/wp\/v2\/comments?post=119579"}],"version-history":[{"count":1,"href":"https:\/\/www.sudoestehoje.com.br\/novoportal\/wp-json\/wp\/v2\/posts\/119579\/revisions"}],"predecessor-version":[{"id":119581,"href":"https:\/\/www.sudoestehoje.com.br\/novoportal\/wp-json\/wp\/v2\/posts\/119579\/revisions\/119581"}],"wp:featuredmedia":[{"embeddable":true,"href":"https:\/\/www.sudoestehoje.com.br\/novoportal\/wp-json\/wp\/v2\/media\/119580"}],"wp:attachment":[{"href":"https:\/\/www.sudoestehoje.com.br\/novoportal\/wp-json\/wp\/v2\/media?parent=119579"}],"wp:term":[{"taxonomy":"category","embeddable":true,"href":"https:\/\/www.sudoestehoje.com.br\/novoportal\/wp-json\/wp\/v2\/categories?post=119579"},{"taxonomy":"post_tag","embeddable":true,"href":"https:\/\/www.sudoestehoje.com.br\/novoportal\/wp-json\/wp\/v2\/tags?post=119579"}],"curies":[{"name":"wp","href":"https:\/\/api.w.org\/{rel}","templated":true}]}}