
{"id":119567,"date":"2024-10-30T23:42:02","date_gmt":"2024-10-31T02:42:02","guid":{"rendered":"https:\/\/www.sudoestehoje.com.br\/novoportal\/?p=119567"},"modified":"2024-10-30T23:42:02","modified_gmt":"2024-10-31T02:42:02","slug":"bahia-gas-de-cozinha-tem-novo-aumento-e-botijao-pode-chegar-a-r-150-reais","status":"publish","type":"post","link":"https:\/\/www.sudoestehoje.com.br\/novoportal\/2024\/10\/30\/bahia-gas-de-cozinha-tem-novo-aumento-e-botijao-pode-chegar-a-r-150-reais\/","title":{"rendered":"BAHIA | G\u00c1S DE COZINHA TEM NOVO AUMENTO E BOTIJ\u00c3O PODE CHEGAR A R$ 150 REAIS"},"content":{"rendered":"<p><img loading=\"lazy\" decoding=\"async\" class=\"alignnone  wp-image-119568\" src=\"https:\/\/www.sudoestehoje.com.br\/novoportal\/wp-content\/uploads\/2024\/10\/gas-de-cozinha-energia.jpg\" alt=\"\" width=\"549\" height=\"384\" \/><\/p>\n<p><strong>A partir desta sexta-feira (1\u00ba), o g\u00e1s de cozinha vai ficar mais caro na Bahia. O aumento no valor do GLP ser\u00e1 10,5% para as distribuidoras, que vai recair no or\u00e7amento do consumidor final. A Acelen, empresa que administra a Refinaria de Mataripe, em S\u00e3o Francisco do Conde, na Regi\u00e3o Metropolitana de Salvador, j\u00e1 confirmou o novo reajuste.<\/strong><\/p>\n<p><strong>Segundo o Sindicato Nacional das Empresas Distribuidoras de G\u00e1s Liquefeito de Petr\u00f3leo (Sindig\u00e1s) da Bahia, o reajuste deve causar um impacto de aproximadamente R$ 8,00 ao bolso do consumidor.<\/strong><\/p>\n<p><strong>\u201cA m\u00e9dia pre\u00e7o do g\u00e1s de cozinha hoje, em Salvador e Regi\u00e3o Metropolitana \u00e9 de R$ 142,00. Com este aumento, ele deve passar a custar cerca de R$ 150,00\u201d, informou o sindicato.<\/strong><\/p>\n","protected":false},"excerpt":{"rendered":"<p>A partir desta sexta-feira (1\u00ba), o g\u00e1s de cozinha vai ficar mais caro na Bahia. O aumento no valor do GLP ser\u00e1 10,5% para as distribuidoras, que vai recair no or\u00e7amento do consumidor final. A Acelen, empresa que administra a Refinaria de Mataripe, em S\u00e3o Francisco do Conde, na Regi\u00e3o Metropolitana de Salvador, j\u00e1 confirmou [&hellip;]<\/p>\n","protected":false},"author":2,"featured_media":119568,"comment_status":"closed","ping_status":"open","sticky":false,"template":"","format":"standard","meta":{"footnotes":"","_links_to":"","_links_to_target":""},"categories":[1],"tags":[],"class_list":["post-119567","post","type-post","status-publish","format-standard","has-post-thumbnail","hentry","category-geral"],"views":828,"_links":{"self":[{"href":"https:\/\/www.sudoestehoje.com.br\/novoportal\/wp-json\/wp\/v2\/posts\/119567","targetHints":{"allow":["GET"]}}],"collection":[{"href":"https:\/\/www.sudoestehoje.com.br\/novoportal\/wp-json\/wp\/v2\/posts"}],"about":[{"href":"https:\/\/www.sudoestehoje.com.br\/novoportal\/wp-json\/wp\/v2\/types\/post"}],"author":[{"embeddable":true,"href":"https:\/\/www.sudoestehoje.com.br\/novoportal\/wp-json\/wp\/v2\/users\/2"}],"replies":[{"embeddable":true,"href":"https:\/\/www.sudoestehoje.com.br\/novoportal\/wp-json\/wp\/v2\/comments?post=119567"}],"version-history":[{"count":2,"href":"https:\/\/www.sudoestehoje.com.br\/novoportal\/wp-json\/wp\/v2\/posts\/119567\/revisions"}],"predecessor-version":[{"id":119570,"href":"https:\/\/www.sudoestehoje.com.br\/novoportal\/wp-json\/wp\/v2\/posts\/119567\/revisions\/119570"}],"wp:featuredmedia":[{"embeddable":true,"href":"https:\/\/www.sudoestehoje.com.br\/novoportal\/wp-json\/wp\/v2\/media\/119568"}],"wp:attachment":[{"href":"https:\/\/www.sudoestehoje.com.br\/novoportal\/wp-json\/wp\/v2\/media?parent=119567"}],"wp:term":[{"taxonomy":"category","embeddable":true,"href":"https:\/\/www.sudoestehoje.com.br\/novoportal\/wp-json\/wp\/v2\/categories?post=119567"},{"taxonomy":"post_tag","embeddable":true,"href":"https:\/\/www.sudoestehoje.com.br\/novoportal\/wp-json\/wp\/v2\/tags?post=119567"}],"curies":[{"name":"wp","href":"https:\/\/api.w.org\/{rel}","templated":true}]}}