
{"id":119562,"date":"2024-10-30T23:07:48","date_gmt":"2024-10-31T02:07:48","guid":{"rendered":"https:\/\/www.sudoestehoje.com.br\/novoportal\/?p=119562"},"modified":"2024-10-30T23:07:48","modified_gmt":"2024-10-31T02:07:48","slug":"regiao-dois-empresarios-do-ramo-da-mineracao-sao-presos-por-sonegar-35-milhoes-em-impostos","status":"publish","type":"post","link":"https:\/\/www.sudoestehoje.com.br\/novoportal\/2024\/10\/30\/regiao-dois-empresarios-do-ramo-da-mineracao-sao-presos-por-sonegar-35-milhoes-em-impostos\/","title":{"rendered":"REGI\u00c3O | DOIS EMPRES\u00c1RIOS DO RAMO DA MINERA\u00c7\u00c3O S\u00c3O PRESOS POR SONEGAR 35 MILH\u00d5ES EM IMPOSTOS"},"content":{"rendered":"<div id=\"chunk-7p8c5\">\n<div class=\"mc-column content-text active-extra-styles \" data-block-type=\"unstyled\" data-block-weight=\"40\" data-block-id=\"2\">\n<p data-track-category=\"Link no Texto\" data-track-links=\"\" data-mrf-recirculation=\"Artigo - Links Texto\"><img loading=\"lazy\" decoding=\"async\" class=\"alignnone  wp-image-119565\" src=\"https:\/\/www.sudoestehoje.com.br\/novoportal\/wp-content\/uploads\/2024\/10\/0cea3474-468a-4d9e-ae7f-abeebc5aa517-600x339.jpg\" alt=\"\" width=\"549\" height=\"310\" srcset=\"https:\/\/www.sudoestehoje.com.br\/novoportal\/wp-content\/uploads\/2024\/10\/0cea3474-468a-4d9e-ae7f-abeebc5aa517-600x339.jpg 600w, https:\/\/www.sudoestehoje.com.br\/novoportal\/wp-content\/uploads\/2024\/10\/0cea3474-468a-4d9e-ae7f-abeebc5aa517-700x396.jpg 700w, https:\/\/www.sudoestehoje.com.br\/novoportal\/wp-content\/uploads\/2024\/10\/0cea3474-468a-4d9e-ae7f-abeebc5aa517-768x434.jpg 768w, https:\/\/www.sudoestehoje.com.br\/novoportal\/wp-content\/uploads\/2024\/10\/0cea3474-468a-4d9e-ae7f-abeebc5aa517.jpg 966w\" sizes=\"auto, (max-width: 549px) 100vw, 549px\" \/><\/p>\n<p class=\" content-text__container \" data-track-category=\"Link no Texto\" data-track-links=\"\" data-mrf-recirculation=\"Artigo - Links Texto\"><strong>Dois empres\u00e1rios donos de uma mina na regi\u00e3o de Itapetinga, no sudoeste da Bahia, foram presos por suspeita de sonegar R$ 35 milh\u00f5es em impostos ao estado. As pris\u00f5es ocorreram nesta quarta-feira (30), em Minas Gerais, onde os suspeitos moram.<\/strong><\/p>\n<\/div>\n<\/div>\n<div class=\"wall protected-content\">\n<div id=\"chunk-4uiki\">\n<div class=\"mc-column content-text active-extra-styles \" data-block-type=\"unstyled\" data-block-weight=\"28\" data-block-id=\"4\">\n<p class=\" content-text__container \" data-track-category=\"Link no Texto\" data-track-links=\"\" data-mrf-recirculation=\"Artigo - Links Texto\"><strong>Segundo o Minist\u00e9rio P\u00fablico da Bahia (MP-BA), respons\u00e1vel pelas investiga\u00e7\u00f5es, a mina funciona desde 2003, mas os ind\u00edcios de sonega\u00e7\u00e3o come\u00e7aram h\u00e1 quase 10 anos, em 2015.<\/strong><\/p>\n<\/div>\n<\/div>\n<div id=\"chunk-a1s91\">\n<div class=\"mc-column content-text active-extra-styles \" data-block-type=\"unstyled\" data-block-weight=\"47\" data-block-id=\"5\">\n<p class=\" content-text__container \" data-track-category=\"Link no Texto\" data-track-links=\"\" data-mrf-recirculation=\"Artigo - Links Texto\"><strong>Ainda conforme o MP-BA, a empresa situada na Bahia tinha um benef\u00edcio fiscal para a gera\u00e7\u00e3o de emprego e renda na regi\u00e3o, por\u00e9m o grupo usava o benef\u00edcio para sonegar os impostos.<span class=\"highlight highlighted\">\u00a0Al\u00e9m de sonega\u00e7\u00e3o fiscal, eles s\u00e3o suspeitos por lavagem de dinheiro e associa\u00e7\u00e3o criminosa.<\/span><\/strong><\/p>\n<p data-track-category=\"Link no Texto\" data-track-links=\"\" data-mrf-recirculation=\"Artigo - Links Texto\"><strong>As investiga\u00e7\u00f5es apontaram que o grupo ocultava bens e valores atrav\u00e9s de laranjas: pelo menos dois familiares e quatro funcion\u00e1rios. Devido a isso, tamb\u00e9m nesta quarta-feira, foram cumpridos quatro mandados de busca e apreens\u00e3o em Itapetinga, cidade do sudoeste da Bahia, al\u00e9m de Belo Horizonte e S\u00e3o Jo\u00e3o Del Rei, ambos munic\u00edpios mineiros.<\/strong><\/p>\n<p data-track-category=\"Link no Texto\" data-track-links=\"\" data-mrf-recirculation=\"Artigo - Links Texto\"><strong>O grupo agia atrav\u00e9s de fraudes tribut\u00e1rias referentes ao ICMS. Os suspeitos davam entrada fict\u00edcia em mercadorias ou servi\u00e7os que n\u00e3o eram prestados e inseriam dados falsos nos documentos fiscais. Com isso, os impostos eram reduzidos.<\/strong><\/p>\n<p data-track-category=\"Link no Texto\" data-track-links=\"\" data-mrf-recirculation=\"Artigo - Links Texto\"><strong>Ainda foi apontado que as empresas n\u00e3o faziam o recolhimento do ICMS declarado mensalmente, parcelavam a d\u00edvida apenas para simular regularidade com fisco e nunca quitavam os valores, o que resultava em um ac\u00famulo de d\u00edvidas em vez de sua amortiza\u00e7\u00e3o.<\/strong><\/p>\n<\/div>\n<\/div>\n<div id=\"chunk-dg16q\">\n<div class=\"content-ads content-ads--reveal\" data-block-type=\"ads\" data-block-id=\"6\">\n<div id=\"banner_materia2\" class=\"tag-manager-publicidade-container mc-has-reveal mc-has-ad-lazyload tag-manager-publicidade-banner_materia2 tag-manager-publicidade-container--carregado tag-manager-publicidade-container--visivel\" data-id=\"banner_materia2\" data-google-query-id=\"CPDF1ti_t4kDFZhK3QIdczECqA\"><\/div>\n<\/div>\n<\/div>\n<\/div>\n","protected":false},"excerpt":{"rendered":"<p>Dois empres\u00e1rios donos de uma mina na regi\u00e3o de Itapetinga, no sudoeste da Bahia, foram presos por suspeita de sonegar R$ 35 milh\u00f5es em impostos ao estado. As pris\u00f5es ocorreram nesta quarta-feira (30), em Minas Gerais, onde os suspeitos moram. Segundo o Minist\u00e9rio P\u00fablico da Bahia (MP-BA), respons\u00e1vel pelas investiga\u00e7\u00f5es, a mina funciona desde 2003, [&hellip;]<\/p>\n","protected":false},"author":2,"featured_media":119565,"comment_status":"closed","ping_status":"open","sticky":false,"template":"","format":"standard","meta":{"footnotes":"","_links_to":"","_links_to_target":""},"categories":[1],"tags":[],"class_list":["post-119562","post","type-post","status-publish","format-standard","has-post-thumbnail","hentry","category-geral"],"views":731,"_links":{"self":[{"href":"https:\/\/www.sudoestehoje.com.br\/novoportal\/wp-json\/wp\/v2\/posts\/119562","targetHints":{"allow":["GET"]}}],"collection":[{"href":"https:\/\/www.sudoestehoje.com.br\/novoportal\/wp-json\/wp\/v2\/posts"}],"about":[{"href":"https:\/\/www.sudoestehoje.com.br\/novoportal\/wp-json\/wp\/v2\/types\/post"}],"author":[{"embeddable":true,"href":"https:\/\/www.sudoestehoje.com.br\/novoportal\/wp-json\/wp\/v2\/users\/2"}],"replies":[{"embeddable":true,"href":"https:\/\/www.sudoestehoje.com.br\/novoportal\/wp-json\/wp\/v2\/comments?post=119562"}],"version-history":[{"count":3,"href":"https:\/\/www.sudoestehoje.com.br\/novoportal\/wp-json\/wp\/v2\/posts\/119562\/revisions"}],"predecessor-version":[{"id":119566,"href":"https:\/\/www.sudoestehoje.com.br\/novoportal\/wp-json\/wp\/v2\/posts\/119562\/revisions\/119566"}],"wp:featuredmedia":[{"embeddable":true,"href":"https:\/\/www.sudoestehoje.com.br\/novoportal\/wp-json\/wp\/v2\/media\/119565"}],"wp:attachment":[{"href":"https:\/\/www.sudoestehoje.com.br\/novoportal\/wp-json\/wp\/v2\/media?parent=119562"}],"wp:term":[{"taxonomy":"category","embeddable":true,"href":"https:\/\/www.sudoestehoje.com.br\/novoportal\/wp-json\/wp\/v2\/categories?post=119562"},{"taxonomy":"post_tag","embeddable":true,"href":"https:\/\/www.sudoestehoje.com.br\/novoportal\/wp-json\/wp\/v2\/tags?post=119562"}],"curies":[{"name":"wp","href":"https:\/\/api.w.org\/{rel}","templated":true}]}}