
{"id":119555,"date":"2024-10-30T10:39:30","date_gmt":"2024-10-30T13:39:30","guid":{"rendered":"https:\/\/www.sudoestehoje.com.br\/novoportal\/?p=119555"},"modified":"2024-10-30T23:49:35","modified_gmt":"2024-10-31T02:49:35","slug":"itapetinga-comissao-de-transicao-de-mandato-e-instituida-por-decreto-municipal","status":"publish","type":"post","link":"https:\/\/www.sudoestehoje.com.br\/novoportal\/2024\/10\/30\/itapetinga-comissao-de-transicao-de-mandato-e-instituida-por-decreto-municipal\/","title":{"rendered":"ITAPETINGA | COMISS\u00c3O DE TRANSI\u00c7\u00c3O DE MANDATO \u00c9 INSTITU\u00cdDA POR DECRETO MUNICIPAL"},"content":{"rendered":"<p><img loading=\"lazy\" decoding=\"async\" class=\"alignnone wp-image-119557\" src=\"https:\/\/www.sudoestehoje.com.br\/novoportal\/wp-content\/uploads\/2024\/10\/3e1c81f7f34a02a320d491ddfbf334e0_XL-600x330.jpg\" alt=\"\" width=\"551\" height=\"303\" srcset=\"https:\/\/www.sudoestehoje.com.br\/novoportal\/wp-content\/uploads\/2024\/10\/3e1c81f7f34a02a320d491ddfbf334e0_XL-600x330.jpg 600w, https:\/\/www.sudoestehoje.com.br\/novoportal\/wp-content\/uploads\/2024\/10\/3e1c81f7f34a02a320d491ddfbf334e0_XL-700x385.jpg 700w, https:\/\/www.sudoestehoje.com.br\/novoportal\/wp-content\/uploads\/2024\/10\/3e1c81f7f34a02a320d491ddfbf334e0_XL-768x422.jpg 768w, https:\/\/www.sudoestehoje.com.br\/novoportal\/wp-content\/uploads\/2024\/10\/3e1c81f7f34a02a320d491ddfbf334e0_XL.jpg 900w\" sizes=\"auto, (max-width: 551px) 100vw, 551px\" \/><\/p>\n<p><strong>Atrav\u00e9s de Decreto Municipal, foi institu\u00edda a Comiss\u00e3o de Transi\u00e7\u00e3o de Mandato, de acordo com os poderes conferidos pela Lei Org\u00e2nica e legisla\u00e7\u00e3o federal pertinente. Confira rela\u00e7\u00e3o dos indicados:<\/strong><\/p>\n<p><strong>Pelo prefeito eleito Eduardo Hagge<\/strong><\/p>\n<ol>\n<li><strong>Geraldo Trindade Junior &#8211; Coordenador<\/strong><\/li>\n<li><strong>Al\u00e9cio Chaves &#8211; Membro<\/strong><\/li>\n<li><strong>Airton Alves Ferraz -Membro<\/strong><\/li>\n<li><strong>Sis\u00ednio Galv\u00e3o Marinho &#8211; Membro<\/strong><\/li>\n<li><strong>Marco Ant\u00f4nio de Azevedo Correia -Membro<\/strong><\/li>\n<li><strong>Carlito Ferraz Leite Filho &#8211; Membro<\/strong><\/li>\n<\/ol>\n<p><strong>Indicado pelo prefeito Rodrigo Hagge<\/strong><\/p>\n<ol>\n<li><strong>Fabr\u00edcio Moreira Santos &#8211; Membro<\/strong><\/li>\n<\/ol>\n<p><strong>O per\u00edodo de atua\u00e7\u00e3o da Comiss\u00e3o teve in\u00edcio em 28 de outubro e encerrar\u00e1 em 31 de dezembro de 2024.<\/strong><\/p>\n<p><strong>Reda\u00e7\u00e3o SH <\/strong><\/p>\n","protected":false},"excerpt":{"rendered":"<p>Atrav\u00e9s de Decreto Municipal, foi institu\u00edda a Comiss\u00e3o de Transi\u00e7\u00e3o de Mandato, de acordo com os poderes conferidos pela Lei Org\u00e2nica e legisla\u00e7\u00e3o federal pertinente. Confira rela\u00e7\u00e3o dos indicados: Pelo prefeito eleito Eduardo Hagge Geraldo Trindade Junior &#8211; Coordenador Al\u00e9cio Chaves &#8211; Membro Airton Alves Ferraz -Membro Sis\u00ednio Galv\u00e3o Marinho &#8211; Membro Marco Ant\u00f4nio de [&hellip;]<\/p>\n","protected":false},"author":2,"featured_media":119557,"comment_status":"closed","ping_status":"open","sticky":false,"template":"","format":"standard","meta":{"footnotes":"","_links_to":"","_links_to_target":""},"categories":[1],"tags":[],"class_list":["post-119555","post","type-post","status-publish","format-standard","has-post-thumbnail","hentry","category-geral"],"views":214,"_links":{"self":[{"href":"https:\/\/www.sudoestehoje.com.br\/novoportal\/wp-json\/wp\/v2\/posts\/119555","targetHints":{"allow":["GET"]}}],"collection":[{"href":"https:\/\/www.sudoestehoje.com.br\/novoportal\/wp-json\/wp\/v2\/posts"}],"about":[{"href":"https:\/\/www.sudoestehoje.com.br\/novoportal\/wp-json\/wp\/v2\/types\/post"}],"author":[{"embeddable":true,"href":"https:\/\/www.sudoestehoje.com.br\/novoportal\/wp-json\/wp\/v2\/users\/2"}],"replies":[{"embeddable":true,"href":"https:\/\/www.sudoestehoje.com.br\/novoportal\/wp-json\/wp\/v2\/comments?post=119555"}],"version-history":[{"count":5,"href":"https:\/\/www.sudoestehoje.com.br\/novoportal\/wp-json\/wp\/v2\/posts\/119555\/revisions"}],"predecessor-version":[{"id":119571,"href":"https:\/\/www.sudoestehoje.com.br\/novoportal\/wp-json\/wp\/v2\/posts\/119555\/revisions\/119571"}],"wp:featuredmedia":[{"embeddable":true,"href":"https:\/\/www.sudoestehoje.com.br\/novoportal\/wp-json\/wp\/v2\/media\/119557"}],"wp:attachment":[{"href":"https:\/\/www.sudoestehoje.com.br\/novoportal\/wp-json\/wp\/v2\/media?parent=119555"}],"wp:term":[{"taxonomy":"category","embeddable":true,"href":"https:\/\/www.sudoestehoje.com.br\/novoportal\/wp-json\/wp\/v2\/categories?post=119555"},{"taxonomy":"post_tag","embeddable":true,"href":"https:\/\/www.sudoestehoje.com.br\/novoportal\/wp-json\/wp\/v2\/tags?post=119555"}],"curies":[{"name":"wp","href":"https:\/\/api.w.org\/{rel}","templated":true}]}}