
{"id":119535,"date":"2024-10-27T19:07:11","date_gmt":"2024-10-27T22:07:11","guid":{"rendered":"https:\/\/www.sudoestehoje.com.br\/novoportal\/?p=119535"},"modified":"2024-10-27T19:07:11","modified_gmt":"2024-10-27T22:07:11","slug":"eleicoes-ricardo-nunes-derrota-boulos-em-sao-paulo-com-mais-de-1-milhao-de-votos-de-frente","status":"publish","type":"post","link":"https:\/\/www.sudoestehoje.com.br\/novoportal\/2024\/10\/27\/eleicoes-ricardo-nunes-derrota-boulos-em-sao-paulo-com-mais-de-1-milhao-de-votos-de-frente\/","title":{"rendered":"ELEI\u00c7\u00d5ES | RICARDO NUNES DERROTA BOULOS EM S\u00c3O PAULO COM MAIS DE 1 MILH\u00c3O DE VOTOS DE FRENTE"},"content":{"rendered":"<div id=\"chunk-dn1s6\">\n<div class=\"mc-column content-text active-extra-styles \" data-block-type=\"unstyled\" data-block-weight=\"24\" data-block-id=\"2\">\n<p data-track-category=\"Link no Texto\" data-track-links=\"\" data-mrf-recirculation=\"Article links\"><img loading=\"lazy\" decoding=\"async\" class=\"alignnone  wp-image-119537\" src=\"https:\/\/www.sudoestehoje.com.br\/novoportal\/wp-content\/uploads\/2024\/10\/ricardo-nunes_1-600x398.jpg\" alt=\"\" width=\"550\" height=\"365\" srcset=\"https:\/\/www.sudoestehoje.com.br\/novoportal\/wp-content\/uploads\/2024\/10\/ricardo-nunes_1-600x398.jpg 600w, https:\/\/www.sudoestehoje.com.br\/novoportal\/wp-content\/uploads\/2024\/10\/ricardo-nunes_1-700x464.jpg 700w, https:\/\/www.sudoestehoje.com.br\/novoportal\/wp-content\/uploads\/2024\/10\/ricardo-nunes_1-768x509.jpg 768w, https:\/\/www.sudoestehoje.com.br\/novoportal\/wp-content\/uploads\/2024\/10\/ricardo-nunes_1.jpg 1080w\" sizes=\"auto, (max-width: 550px) 100vw, 550px\" \/><\/p>\n<p class=\" content-text__container \" data-track-category=\"Link no Texto\" data-track-links=\"\" data-mrf-recirculation=\"Article links\"><strong>Ricardo Nunes (MDB) foi<\/strong> <strong>reeleito neste domingo (27) prefeito de S\u00e3o Paulo\u00a0com 59,56% dos votos v\u00e1lidos, derrotando o candidato\u00a0Guilherme Boulos\u00a0(PSOL).<\/strong><\/p>\n<\/div>\n<\/div>\n<div class=\"wall protected-content\">\n<div id=\"chunk-2qpvr\">\n<div class=\"mc-column content-text active-extra-styles \" data-block-type=\"unstyled\" data-block-weight=\"27\" data-block-id=\"4\">\n<p class=\" content-text__container \" data-track-category=\"Link no Texto\" data-track-links=\"\" data-mrf-recirculation=\"Article links\"><strong>O resultado saiu \u00e0s 18h43 com 89,78% das urnas apuradas. Boulos teve 40,43% dos votos v\u00e1lidos. Os advers\u00e1rios tiveram cerca de 1 milh\u00e3o de votos de diferen\u00e7a.<\/strong><\/p>\n<\/div>\n<\/div>\n<div id=\"chunk-1ghsm\">\n<div class=\"mc-column content-text active-extra-styles \" data-block-type=\"unstyled\" data-block-weight=\"28\" data-block-id=\"5\">\n<p class=\" content-text__container \" data-track-category=\"Link no Texto\" data-track-links=\"\" data-mrf-recirculation=\"Article links\"><strong>Ele toma posse para o novo mandato em 1\u00ba de janeiro de 2025, e ter\u00e1 como vice o Coronel Mello Ara\u00fajo (PL), indicado pelo ex-presidente Jair Bolsonaro (PL).<\/strong><\/p>\n<\/div>\n<\/div>\n<div id=\"chunk-1u8fs\">\n<div class=\"mc-column content-text active-extra-styles \" data-block-type=\"unstyled\" data-block-weight=\"29\" data-block-id=\"6\">\n<p class=\" content-text__container \" data-track-category=\"Link no Texto\" data-track-links=\"\" data-mrf-recirculation=\"Article links\"><strong>A vit\u00f3ria do emedebista ocorreu em meio a maior absten\u00e7\u00e3o da hist\u00f3ria da cidade de S\u00e3o Paulo: mais de 31% dos eleitores n\u00e3o compareceram \u00e0s urnas neste domingo (27).<\/strong><\/p>\n<\/div>\n<\/div>\n<\/div>\n","protected":false},"excerpt":{"rendered":"<p>Ricardo Nunes (MDB) foi reeleito neste domingo (27) prefeito de S\u00e3o Paulo\u00a0com 59,56% dos votos v\u00e1lidos, derrotando o candidato\u00a0Guilherme Boulos\u00a0(PSOL). O resultado saiu \u00e0s 18h43 com 89,78% das urnas apuradas. Boulos teve 40,43% dos votos v\u00e1lidos. Os advers\u00e1rios tiveram cerca de 1 milh\u00e3o de votos de diferen\u00e7a. Ele toma posse para o novo mandato em [&hellip;]<\/p>\n","protected":false},"author":2,"featured_media":119537,"comment_status":"closed","ping_status":"open","sticky":false,"template":"","format":"standard","meta":{"footnotes":"","_links_to":"","_links_to_target":""},"categories":[1],"tags":[],"class_list":["post-119535","post","type-post","status-publish","format-standard","has-post-thumbnail","hentry","category-geral"],"views":730,"_links":{"self":[{"href":"https:\/\/www.sudoestehoje.com.br\/novoportal\/wp-json\/wp\/v2\/posts\/119535","targetHints":{"allow":["GET"]}}],"collection":[{"href":"https:\/\/www.sudoestehoje.com.br\/novoportal\/wp-json\/wp\/v2\/posts"}],"about":[{"href":"https:\/\/www.sudoestehoje.com.br\/novoportal\/wp-json\/wp\/v2\/types\/post"}],"author":[{"embeddable":true,"href":"https:\/\/www.sudoestehoje.com.br\/novoportal\/wp-json\/wp\/v2\/users\/2"}],"replies":[{"embeddable":true,"href":"https:\/\/www.sudoestehoje.com.br\/novoportal\/wp-json\/wp\/v2\/comments?post=119535"}],"version-history":[{"count":2,"href":"https:\/\/www.sudoestehoje.com.br\/novoportal\/wp-json\/wp\/v2\/posts\/119535\/revisions"}],"predecessor-version":[{"id":119538,"href":"https:\/\/www.sudoestehoje.com.br\/novoportal\/wp-json\/wp\/v2\/posts\/119535\/revisions\/119538"}],"wp:featuredmedia":[{"embeddable":true,"href":"https:\/\/www.sudoestehoje.com.br\/novoportal\/wp-json\/wp\/v2\/media\/119537"}],"wp:attachment":[{"href":"https:\/\/www.sudoestehoje.com.br\/novoportal\/wp-json\/wp\/v2\/media?parent=119535"}],"wp:term":[{"taxonomy":"category","embeddable":true,"href":"https:\/\/www.sudoestehoje.com.br\/novoportal\/wp-json\/wp\/v2\/categories?post=119535"},{"taxonomy":"post_tag","embeddable":true,"href":"https:\/\/www.sudoestehoje.com.br\/novoportal\/wp-json\/wp\/v2\/tags?post=119535"}],"curies":[{"name":"wp","href":"https:\/\/api.w.org\/{rel}","templated":true}]}}