
{"id":119531,"date":"2024-10-27T18:28:00","date_gmt":"2024-10-27T21:28:00","guid":{"rendered":"https:\/\/www.sudoestehoje.com.br\/novoportal\/?p=119531"},"modified":"2024-10-27T18:28:00","modified_gmt":"2024-10-27T21:28:00","slug":"em-disputa-acirrada-luiz-caetano-e-eleito-prefeito-de-camacari-em-segundo-turno","status":"publish","type":"post","link":"https:\/\/www.sudoestehoje.com.br\/novoportal\/2024\/10\/27\/em-disputa-acirrada-luiz-caetano-e-eleito-prefeito-de-camacari-em-segundo-turno\/","title":{"rendered":"EM DISPUTA ACIRRADA, LUIZ CAETANO \u00c9 ELEITO PREFEITO DE CAMA\u00c7ARI EM SEGUNDO TURNO"},"content":{"rendered":"<p><img loading=\"lazy\" decoding=\"async\" class=\"alignnone  wp-image-119533\" src=\"https:\/\/www.sudoestehoje.com.br\/novoportal\/wp-content\/uploads\/2024\/10\/luiz-caetano-camacari-set-2024-848x477-1-600x338.jpg\" alt=\"\" width=\"547\" height=\"308\" srcset=\"https:\/\/www.sudoestehoje.com.br\/novoportal\/wp-content\/uploads\/2024\/10\/luiz-caetano-camacari-set-2024-848x477-1-600x338.jpg 600w, https:\/\/www.sudoestehoje.com.br\/novoportal\/wp-content\/uploads\/2024\/10\/luiz-caetano-camacari-set-2024-848x477-1-700x394.jpg 700w, https:\/\/www.sudoestehoje.com.br\/novoportal\/wp-content\/uploads\/2024\/10\/luiz-caetano-camacari-set-2024-848x477-1-768x432.jpg 768w, https:\/\/www.sudoestehoje.com.br\/novoportal\/wp-content\/uploads\/2024\/10\/luiz-caetano-camacari-set-2024-848x477-1.jpg 848w\" sizes=\"auto, (max-width: 547px) 100vw, 547px\" \/><\/p>\n<p><strong>O candidato do Partido dos Trabalhadores, Luiz Caetano foi eleito com 50,9% dos votos v\u00e1lidos na disputa do 2\u00b0 turno em Cama\u00e7ari. Em segundo lugar, o candidato Fl\u00e1vio Matos (Uni\u00e3o), atual presidente da C\u00e2mara Municipal, obteve 49,06% dos votos v\u00e1lidos. <\/strong><\/p>\n<p><strong>A diferen\u00e7a de vota\u00e7\u00e3o entre os dois candidatos foi de pouco menos de 3 mil votos v\u00e1lidos. <\/strong><\/p>\n<p><strong>Com o resultado, a partir de 01 de janeiro de 2025, o ex-prefeito do munic\u00edpio por tr\u00eas mandatos, \u00e9 empossado para o seu 4\u00b0 mandato no cargo mais alto do munic\u00edpio.<\/strong><\/p>\n","protected":false},"excerpt":{"rendered":"<p>O candidato do Partido dos Trabalhadores, Luiz Caetano foi eleito com 50,9% dos votos v\u00e1lidos na disputa do 2\u00b0 turno em Cama\u00e7ari. Em segundo lugar, o candidato Fl\u00e1vio Matos (Uni\u00e3o), atual presidente da C\u00e2mara Municipal, obteve 49,06% dos votos v\u00e1lidos. A diferen\u00e7a de vota\u00e7\u00e3o entre os dois candidatos foi de pouco menos de 3 mil [&hellip;]<\/p>\n","protected":false},"author":2,"featured_media":119533,"comment_status":"closed","ping_status":"open","sticky":false,"template":"","format":"standard","meta":{"footnotes":"","_links_to":"","_links_to_target":""},"categories":[1],"tags":[],"class_list":["post-119531","post","type-post","status-publish","format-standard","has-post-thumbnail","hentry","category-geral"],"views":680,"_links":{"self":[{"href":"https:\/\/www.sudoestehoje.com.br\/novoportal\/wp-json\/wp\/v2\/posts\/119531","targetHints":{"allow":["GET"]}}],"collection":[{"href":"https:\/\/www.sudoestehoje.com.br\/novoportal\/wp-json\/wp\/v2\/posts"}],"about":[{"href":"https:\/\/www.sudoestehoje.com.br\/novoportal\/wp-json\/wp\/v2\/types\/post"}],"author":[{"embeddable":true,"href":"https:\/\/www.sudoestehoje.com.br\/novoportal\/wp-json\/wp\/v2\/users\/2"}],"replies":[{"embeddable":true,"href":"https:\/\/www.sudoestehoje.com.br\/novoportal\/wp-json\/wp\/v2\/comments?post=119531"}],"version-history":[{"count":2,"href":"https:\/\/www.sudoestehoje.com.br\/novoportal\/wp-json\/wp\/v2\/posts\/119531\/revisions"}],"predecessor-version":[{"id":119534,"href":"https:\/\/www.sudoestehoje.com.br\/novoportal\/wp-json\/wp\/v2\/posts\/119531\/revisions\/119534"}],"wp:featuredmedia":[{"embeddable":true,"href":"https:\/\/www.sudoestehoje.com.br\/novoportal\/wp-json\/wp\/v2\/media\/119533"}],"wp:attachment":[{"href":"https:\/\/www.sudoestehoje.com.br\/novoportal\/wp-json\/wp\/v2\/media?parent=119531"}],"wp:term":[{"taxonomy":"category","embeddable":true,"href":"https:\/\/www.sudoestehoje.com.br\/novoportal\/wp-json\/wp\/v2\/categories?post=119531"},{"taxonomy":"post_tag","embeddable":true,"href":"https:\/\/www.sudoestehoje.com.br\/novoportal\/wp-json\/wp\/v2\/tags?post=119531"}],"curies":[{"name":"wp","href":"https:\/\/api.w.org\/{rel}","templated":true}]}}