
{"id":119518,"date":"2024-10-25T10:29:26","date_gmt":"2024-10-25T13:29:26","guid":{"rendered":"https:\/\/www.sudoestehoje.com.br\/novoportal\/?p=119518"},"modified":"2024-10-25T10:29:26","modified_gmt":"2024-10-25T13:29:26","slug":"2o-turno-em-camacari-antecipa-disputa-de-2026-pelo-governo-do-estado","status":"publish","type":"post","link":"https:\/\/www.sudoestehoje.com.br\/novoportal\/2024\/10\/25\/2o-turno-em-camacari-antecipa-disputa-de-2026-pelo-governo-do-estado\/","title":{"rendered":"2\u00ba TURNO EM CAMA\u00c7ARI ANTECIPA DISPUTA DE 2026 PELO GOVERNO DO ESTADO"},"content":{"rendered":"<p><img loading=\"lazy\" decoding=\"async\" class=\"alignnone  wp-image-119519\" src=\"https:\/\/www.sudoestehoje.com.br\/novoportal\/wp-content\/uploads\/2024\/10\/172972312467197af421eca_1729723124_3x2_xl-600x401.jpg\" alt=\"\" width=\"551\" height=\"368\" srcset=\"https:\/\/www.sudoestehoje.com.br\/novoportal\/wp-content\/uploads\/2024\/10\/172972312467197af421eca_1729723124_3x2_xl-600x401.jpg 600w, https:\/\/www.sudoestehoje.com.br\/novoportal\/wp-content\/uploads\/2024\/10\/172972312467197af421eca_1729723124_3x2_xl-700x467.jpg 700w, https:\/\/www.sudoestehoje.com.br\/novoportal\/wp-content\/uploads\/2024\/10\/172972312467197af421eca_1729723124_3x2_xl-768x513.jpg 768w, https:\/\/www.sudoestehoje.com.br\/novoportal\/wp-content\/uploads\/2024\/10\/172972312467197af421eca_1729723124_3x2_xl.jpg 1200w\" sizes=\"auto, (max-width: 551px) 100vw, 551px\" \/><\/p>\n<p><strong>Em uma disputa voto a voto pelo quarto maior col\u00e9gio eleitoral da Bahia, Cama\u00e7ari, na Regi\u00e3o Metropolitana de Salvador, petistas e carlistas, azuis e vermelhos, se dividem entre Luiz Caetano, do PT, e Fl\u00e1vio Matos, da Uni\u00e3o Brasil. Cama\u00e7ari protagoniza o \u00fanico segundo do turno do Estado em um embate que vai al\u00e9m dos limites do munic\u00edpio. A elei\u00e7\u00e3o na cidade de 300 mil habitantes \u00e9 cercada de simbolismos. Movimenta os dois principais grupos pol\u00edticos da Bahia e antecipa o embate entre o PT de Jer\u00f4nimo, Rui e Wagner e o UB de ACM, Bruno Reis e Z\u00e9 Ronaldo.<\/strong><\/p>\n<p><strong>Nesta reta final da campanha, caciques do PT e da oposi\u00e7\u00e3o fazem piseiro em Cama\u00e7ari para empurrar os seus aliados. Na noite desta quinta-feira (24), por exemplo, at\u00e9 o prefeito eleito de Feira de Santana, Z\u00e9 Ronaldo, que aos seus 72 anos, depois de uma maratona de atividades no primeiro turno, derrotando o xar\u00e1, o Z\u00e9 do PT, encontrou f\u00f4lego para ir a Regi\u00e3o Metropolitana participar de com\u00edcio de Fl\u00e1vio.<\/strong><\/p>\n<p><strong>As urnas mostraram Cama\u00e7ari divida no primeiro turno, com Caetano obtendo 49,5% dos votos contra 49,1% de Fl\u00e1vio, uma diferen\u00e7a de 559 votos entre os dois candidatos. Domingo, \u00e9 dia de saber quem ser\u00e1 o prefeito.<\/strong><\/p>\n","protected":false},"excerpt":{"rendered":"<p>Em uma disputa voto a voto pelo quarto maior col\u00e9gio eleitoral da Bahia, Cama\u00e7ari, na Regi\u00e3o Metropolitana de Salvador, petistas e carlistas, azuis e vermelhos, se dividem entre Luiz Caetano, do PT, e Fl\u00e1vio Matos, da Uni\u00e3o Brasil. Cama\u00e7ari protagoniza o \u00fanico segundo do turno do Estado em um embate que vai al\u00e9m dos limites [&hellip;]<\/p>\n","protected":false},"author":2,"featured_media":119519,"comment_status":"closed","ping_status":"open","sticky":false,"template":"","format":"standard","meta":{"footnotes":"","_links_to":"","_links_to_target":""},"categories":[1],"tags":[],"class_list":["post-119518","post","type-post","status-publish","format-standard","has-post-thumbnail","hentry","category-geral"],"views":494,"_links":{"self":[{"href":"https:\/\/www.sudoestehoje.com.br\/novoportal\/wp-json\/wp\/v2\/posts\/119518","targetHints":{"allow":["GET"]}}],"collection":[{"href":"https:\/\/www.sudoestehoje.com.br\/novoportal\/wp-json\/wp\/v2\/posts"}],"about":[{"href":"https:\/\/www.sudoestehoje.com.br\/novoportal\/wp-json\/wp\/v2\/types\/post"}],"author":[{"embeddable":true,"href":"https:\/\/www.sudoestehoje.com.br\/novoportal\/wp-json\/wp\/v2\/users\/2"}],"replies":[{"embeddable":true,"href":"https:\/\/www.sudoestehoje.com.br\/novoportal\/wp-json\/wp\/v2\/comments?post=119518"}],"version-history":[{"count":1,"href":"https:\/\/www.sudoestehoje.com.br\/novoportal\/wp-json\/wp\/v2\/posts\/119518\/revisions"}],"predecessor-version":[{"id":119520,"href":"https:\/\/www.sudoestehoje.com.br\/novoportal\/wp-json\/wp\/v2\/posts\/119518\/revisions\/119520"}],"wp:featuredmedia":[{"embeddable":true,"href":"https:\/\/www.sudoestehoje.com.br\/novoportal\/wp-json\/wp\/v2\/media\/119519"}],"wp:attachment":[{"href":"https:\/\/www.sudoestehoje.com.br\/novoportal\/wp-json\/wp\/v2\/media?parent=119518"}],"wp:term":[{"taxonomy":"category","embeddable":true,"href":"https:\/\/www.sudoestehoje.com.br\/novoportal\/wp-json\/wp\/v2\/categories?post=119518"},{"taxonomy":"post_tag","embeddable":true,"href":"https:\/\/www.sudoestehoje.com.br\/novoportal\/wp-json\/wp\/v2\/tags?post=119518"}],"curies":[{"name":"wp","href":"https:\/\/api.w.org\/{rel}","templated":true}]}}