
{"id":119509,"date":"2024-10-25T09:08:49","date_gmt":"2024-10-25T12:08:49","guid":{"rendered":"https:\/\/www.sudoestehoje.com.br\/novoportal\/?p=119509"},"modified":"2024-10-25T09:08:49","modified_gmt":"2024-10-25T12:08:49","slug":"em-briga-por-cargos-geddel-e-joao-leao-trocam-insultos-atraves-das-redes-sociais","status":"publish","type":"post","link":"https:\/\/www.sudoestehoje.com.br\/novoportal\/2024\/10\/25\/em-briga-por-cargos-geddel-e-joao-leao-trocam-insultos-atraves-das-redes-sociais\/","title":{"rendered":"EM BRIGA POR CARGOS, GEDDEL E JO\u00c3O LE\u00c3O TROCAM INSULTOS ATRAV\u00c9S DAS REDES SOCIAIS"},"content":{"rendered":"<p><img loading=\"lazy\" decoding=\"async\" class=\"alignnone  wp-image-119510\" src=\"https:\/\/www.sudoestehoje.com.br\/novoportal\/wp-content\/uploads\/2024\/10\/download-2.jpg\" alt=\"\" width=\"550\" height=\"366\" \/><\/p>\n<p><strong>O deputado federal Jo\u00e3o Le\u00e3o rebateu, na tarde desta quinta-feira (24), as cr\u00edticas feitas contra o partido dele, o PP, pelo ex-ministro Geddel Vieira Lima (MDB). O emedebista n\u00e3o deixou por menos, e no mesmo tom de ataque pessoal retrucou, em publica\u00e7\u00e3o nas redes sociais.<\/strong><\/p>\n<p><strong>\u201cSou Progressista, do PP, e n\u00e3o sou prostituta de cargo, nunca reivindiquei nada, ao contr\u00e1rio, sempre me ofereceram os cargos, como continuam oferecendo, e n\u00e3o aceito, n\u00e3o tenho rabo de palha\u201d, disse Le\u00e3o em nota. \u201cV\u00e1 tomar conta do seu PT e do seu MDB. Est\u00e1 com ci\u00fames? V\u00e1 cuidar das suas malas perdidas\u201d, acrescentou.<\/strong><\/p>\n<p><strong>Geddel,\u00a0<a href=\"https:\/\/politicalivre.com.br\/2024\/10\/geddel-critica-pp-da-bahia-por-posicao-dubia-parece-jogo-combinado-para-ter-uma-boquinha-em-cada-lugar\/#gsc.tab=0\" target=\"_blank\" rel=\"noopener\">que mais cedo havia criticado a posi\u00e7\u00e3o d\u00fabia do PP na Bahia em conversa com o site<\/a>, afirmou que o \u201cbonit\u00e3o resolveu fugir da pol\u00edtica e mandou eu cuidar das malas perdidas\u201d.<\/strong><\/p>\n<p><strong>\u201cN\u00e3o vou n\u00e3o, bonit\u00e3o. A essa altura da vida vou aproveitar a generosidade que Deus teve comigo e cuidar dos meus filhos, para que, por falta de pai, n\u00e3o sejam abestalhados\u201d, complementou o ex-ministro.<\/strong><\/p>\n<p><strong>Vale lembrar que Jo\u00e3o Le\u00e3o tem um filho com defici\u00eancia.<\/strong><\/p>\n","protected":false},"excerpt":{"rendered":"<p>O deputado federal Jo\u00e3o Le\u00e3o rebateu, na tarde desta quinta-feira (24), as cr\u00edticas feitas contra o partido dele, o PP, pelo ex-ministro Geddel Vieira Lima (MDB). O emedebista n\u00e3o deixou por menos, e no mesmo tom de ataque pessoal retrucou, em publica\u00e7\u00e3o nas redes sociais. \u201cSou Progressista, do PP, e n\u00e3o sou prostituta de cargo, [&hellip;]<\/p>\n","protected":false},"author":2,"featured_media":119510,"comment_status":"closed","ping_status":"open","sticky":false,"template":"","format":"standard","meta":{"footnotes":"","_links_to":"","_links_to_target":""},"categories":[1],"tags":[],"class_list":["post-119509","post","type-post","status-publish","format-standard","has-post-thumbnail","hentry","category-geral"],"views":617,"_links":{"self":[{"href":"https:\/\/www.sudoestehoje.com.br\/novoportal\/wp-json\/wp\/v2\/posts\/119509","targetHints":{"allow":["GET"]}}],"collection":[{"href":"https:\/\/www.sudoestehoje.com.br\/novoportal\/wp-json\/wp\/v2\/posts"}],"about":[{"href":"https:\/\/www.sudoestehoje.com.br\/novoportal\/wp-json\/wp\/v2\/types\/post"}],"author":[{"embeddable":true,"href":"https:\/\/www.sudoestehoje.com.br\/novoportal\/wp-json\/wp\/v2\/users\/2"}],"replies":[{"embeddable":true,"href":"https:\/\/www.sudoestehoje.com.br\/novoportal\/wp-json\/wp\/v2\/comments?post=119509"}],"version-history":[{"count":2,"href":"https:\/\/www.sudoestehoje.com.br\/novoportal\/wp-json\/wp\/v2\/posts\/119509\/revisions"}],"predecessor-version":[{"id":119512,"href":"https:\/\/www.sudoestehoje.com.br\/novoportal\/wp-json\/wp\/v2\/posts\/119509\/revisions\/119512"}],"wp:featuredmedia":[{"embeddable":true,"href":"https:\/\/www.sudoestehoje.com.br\/novoportal\/wp-json\/wp\/v2\/media\/119510"}],"wp:attachment":[{"href":"https:\/\/www.sudoestehoje.com.br\/novoportal\/wp-json\/wp\/v2\/media?parent=119509"}],"wp:term":[{"taxonomy":"category","embeddable":true,"href":"https:\/\/www.sudoestehoje.com.br\/novoportal\/wp-json\/wp\/v2\/categories?post=119509"},{"taxonomy":"post_tag","embeddable":true,"href":"https:\/\/www.sudoestehoje.com.br\/novoportal\/wp-json\/wp\/v2\/tags?post=119509"}],"curies":[{"name":"wp","href":"https:\/\/api.w.org\/{rel}","templated":true}]}}