
{"id":119506,"date":"2024-10-25T08:48:45","date_gmt":"2024-10-25T11:48:45","guid":{"rendered":"https:\/\/www.sudoestehoje.com.br\/novoportal\/?p=119506"},"modified":"2024-10-25T08:48:45","modified_gmt":"2024-10-25T11:48:45","slug":"ex-ator-mirim-da-globo-e-morto-a-tiros-em-trancoso-no-sul-da-bahia","status":"publish","type":"post","link":"https:\/\/www.sudoestehoje.com.br\/novoportal\/2024\/10\/25\/ex-ator-mirim-da-globo-e-morto-a-tiros-em-trancoso-no-sul-da-bahia\/","title":{"rendered":"EX-ATOR MIRIM DA GLOBO \u00c9 MORTO A TIROS EM TRANCOSO, NO SUL DA BAHIA"},"content":{"rendered":"<p><img loading=\"lazy\" decoding=\"async\" class=\"alignnone  wp-image-119507\" src=\"https:\/\/www.sudoestehoje.com.br\/novoportal\/wp-content\/uploads\/2024\/10\/ex-ator-mirim-joao-rebello-atuava-como-dj-em-trancoso-2475867-article-1000x530-1-600x318.webp\" alt=\"\" width=\"551\" height=\"292\" srcset=\"https:\/\/www.sudoestehoje.com.br\/novoportal\/wp-content\/uploads\/2024\/10\/ex-ator-mirim-joao-rebello-atuava-como-dj-em-trancoso-2475867-article-1000x530-1-600x318.webp 600w, https:\/\/www.sudoestehoje.com.br\/novoportal\/wp-content\/uploads\/2024\/10\/ex-ator-mirim-joao-rebello-atuava-como-dj-em-trancoso-2475867-article-1000x530-1-700x371.webp 700w, https:\/\/www.sudoestehoje.com.br\/novoportal\/wp-content\/uploads\/2024\/10\/ex-ator-mirim-joao-rebello-atuava-como-dj-em-trancoso-2475867-article-1000x530-1-768x407.webp 768w, https:\/\/www.sudoestehoje.com.br\/novoportal\/wp-content\/uploads\/2024\/10\/ex-ator-mirim-joao-rebello-atuava-como-dj-em-trancoso-2475867-article-1000x530-1.webp 1000w\" sizes=\"auto, (max-width: 551px) 100vw, 551px\" \/><\/p>\n<p><strong>O ex-ator mirim da TV Globo, Jo\u00e3o Rebello Fernandes, foi morto a tiros em Trancoso, no sul da Bahia. O crime aconteceu na noite de quinta-feira (24), na Pra\u00e7a da Independ\u00eancia.<\/strong><\/p>\n<p><strong>Jo\u00e3o Rebello tinha 45 anos. Afastado da carreira de ator, ele trabalhava como DJ em Trancoso.\u00a0Testemunhas informaram \u00e0 pol\u00edcia que Jo\u00e3o estava em um carro quando dois homens que estavam em uma moto se aproximaram e atiraram \u00e0 queima-roupa. Ele morreu no local.<\/strong><\/p>\n<p><strong>Segundo a Pol\u00edcia Civil, 1\u00aa Delegacia Territorial (DT \u2013 Porto Seguro) investiga as circunst\u00e2ncias do crime. Foram expedidas as guias para per\u00edcia e remo\u00e7\u00e3o do corpo, enquanto dilig\u00eancias s\u00e3o realizadas no sentido de identificar a autoria e esclarecer a motiva\u00e7\u00e3o do crime.<\/strong><\/p>\n<p><strong>Jo\u00e3o Rebello era filho da atriz e diretora Maria Rebello, e tamb\u00e9m sobrinho do diretor de TV Jorge Fernando, que morreu em 2019. Um dos pap\u00e9is mais marcantes na sua carreira foi na novela Beb\u00ea a Bordo (1988).<\/strong><\/p>\n<p><strong>Ele tamb\u00e9m se destacou em produ\u00e7\u00f5es como Vamp (1991), Deus nos Acuda (1992) e Cambalacho (1986). Afastado da TV desde \u201cZaz\u00e1\u201d, em 1997, ele fez uma participa\u00e7\u00e3o em \u2018Divertics\u2019 da Globo em 2013.<\/strong><\/p>\n","protected":false},"excerpt":{"rendered":"<p>O ex-ator mirim da TV Globo, Jo\u00e3o Rebello Fernandes, foi morto a tiros em Trancoso, no sul da Bahia. O crime aconteceu na noite de quinta-feira (24), na Pra\u00e7a da Independ\u00eancia. Jo\u00e3o Rebello tinha 45 anos. Afastado da carreira de ator, ele trabalhava como DJ em Trancoso.\u00a0Testemunhas informaram \u00e0 pol\u00edcia que Jo\u00e3o estava em um [&hellip;]<\/p>\n","protected":false},"author":2,"featured_media":119507,"comment_status":"closed","ping_status":"open","sticky":false,"template":"","format":"standard","meta":{"footnotes":"","_links_to":"","_links_to_target":""},"categories":[1],"tags":[],"class_list":["post-119506","post","type-post","status-publish","format-standard","has-post-thumbnail","hentry","category-geral"],"views":766,"_links":{"self":[{"href":"https:\/\/www.sudoestehoje.com.br\/novoportal\/wp-json\/wp\/v2\/posts\/119506","targetHints":{"allow":["GET"]}}],"collection":[{"href":"https:\/\/www.sudoestehoje.com.br\/novoportal\/wp-json\/wp\/v2\/posts"}],"about":[{"href":"https:\/\/www.sudoestehoje.com.br\/novoportal\/wp-json\/wp\/v2\/types\/post"}],"author":[{"embeddable":true,"href":"https:\/\/www.sudoestehoje.com.br\/novoportal\/wp-json\/wp\/v2\/users\/2"}],"replies":[{"embeddable":true,"href":"https:\/\/www.sudoestehoje.com.br\/novoportal\/wp-json\/wp\/v2\/comments?post=119506"}],"version-history":[{"count":1,"href":"https:\/\/www.sudoestehoje.com.br\/novoportal\/wp-json\/wp\/v2\/posts\/119506\/revisions"}],"predecessor-version":[{"id":119508,"href":"https:\/\/www.sudoestehoje.com.br\/novoportal\/wp-json\/wp\/v2\/posts\/119506\/revisions\/119508"}],"wp:featuredmedia":[{"embeddable":true,"href":"https:\/\/www.sudoestehoje.com.br\/novoportal\/wp-json\/wp\/v2\/media\/119507"}],"wp:attachment":[{"href":"https:\/\/www.sudoestehoje.com.br\/novoportal\/wp-json\/wp\/v2\/media?parent=119506"}],"wp:term":[{"taxonomy":"category","embeddable":true,"href":"https:\/\/www.sudoestehoje.com.br\/novoportal\/wp-json\/wp\/v2\/categories?post=119506"},{"taxonomy":"post_tag","embeddable":true,"href":"https:\/\/www.sudoestehoje.com.br\/novoportal\/wp-json\/wp\/v2\/tags?post=119506"}],"curies":[{"name":"wp","href":"https:\/\/api.w.org\/{rel}","templated":true}]}}