
{"id":119503,"date":"2024-10-25T08:29:22","date_gmt":"2024-10-25T11:29:22","guid":{"rendered":"https:\/\/www.sudoestehoje.com.br\/novoportal\/?p=119503"},"modified":"2024-10-25T08:29:22","modified_gmt":"2024-10-25T11:29:22","slug":"itapetinga-prefeitura-decreta-ponto-facultativo-para-a-proxima-segunda-28","status":"publish","type":"post","link":"https:\/\/www.sudoestehoje.com.br\/novoportal\/2024\/10\/25\/itapetinga-prefeitura-decreta-ponto-facultativo-para-a-proxima-segunda-28\/","title":{"rendered":"ITAPETINGA | PREFEITURA DECRETA PONTO FACULTATIVO PARA A PR\u00d3XIMA SEGUNDA (28)"},"content":{"rendered":"<p><img loading=\"lazy\" decoding=\"async\" class=\"alignnone  wp-image-119504\" src=\"https:\/\/www.sudoestehoje.com.br\/novoportal\/wp-content\/uploads\/2024\/10\/Ponto-facultativo.webp\" alt=\"\" width=\"547\" height=\"342\" \/><\/p>\n<p><strong>Em decorr\u00eancia do feriado estadual comemorativo ao &#8216;Dia do Funcion\u00e1rio P\u00fablico&#8217;, o prefeito de Itapetinga, Rodrigo Hagge, baixou decreto estabelecendo Ponto Facultativo para a pr\u00f3xima segunda-feira (28), em todas as reparti\u00e7\u00f5es municipais.<\/strong><\/p>\n<p><strong>De acordo com o decreto, os servi\u00e7os considerados &#8216;essenciais&#8217; ser\u00e3o preservados, a exemplo da sa\u00fade, limpeza publica, seguran\u00e7a, vigil\u00e2ncia sanit\u00e1ria, dentre outros.\u00a0<\/strong><\/p>\n<p><strong>Reda\u00e7\u00e3o SH\u00a0<\/strong><\/p>\n","protected":false},"excerpt":{"rendered":"<p>Em decorr\u00eancia do feriado estadual comemorativo ao &#8216;Dia do Funcion\u00e1rio P\u00fablico&#8217;, o prefeito de Itapetinga, Rodrigo Hagge, baixou decreto estabelecendo Ponto Facultativo para a pr\u00f3xima segunda-feira (28), em todas as reparti\u00e7\u00f5es municipais. De acordo com o decreto, os servi\u00e7os considerados &#8216;essenciais&#8217; ser\u00e3o preservados, a exemplo da sa\u00fade, limpeza publica, seguran\u00e7a, vigil\u00e2ncia sanit\u00e1ria, dentre outros.\u00a0 Reda\u00e7\u00e3o [&hellip;]<\/p>\n","protected":false},"author":2,"featured_media":119504,"comment_status":"closed","ping_status":"open","sticky":false,"template":"","format":"standard","meta":{"footnotes":"","_links_to":"","_links_to_target":""},"categories":[1],"tags":[],"class_list":["post-119503","post","type-post","status-publish","format-standard","has-post-thumbnail","hentry","category-geral"],"views":922,"_links":{"self":[{"href":"https:\/\/www.sudoestehoje.com.br\/novoportal\/wp-json\/wp\/v2\/posts\/119503","targetHints":{"allow":["GET"]}}],"collection":[{"href":"https:\/\/www.sudoestehoje.com.br\/novoportal\/wp-json\/wp\/v2\/posts"}],"about":[{"href":"https:\/\/www.sudoestehoje.com.br\/novoportal\/wp-json\/wp\/v2\/types\/post"}],"author":[{"embeddable":true,"href":"https:\/\/www.sudoestehoje.com.br\/novoportal\/wp-json\/wp\/v2\/users\/2"}],"replies":[{"embeddable":true,"href":"https:\/\/www.sudoestehoje.com.br\/novoportal\/wp-json\/wp\/v2\/comments?post=119503"}],"version-history":[{"count":1,"href":"https:\/\/www.sudoestehoje.com.br\/novoportal\/wp-json\/wp\/v2\/posts\/119503\/revisions"}],"predecessor-version":[{"id":119505,"href":"https:\/\/www.sudoestehoje.com.br\/novoportal\/wp-json\/wp\/v2\/posts\/119503\/revisions\/119505"}],"wp:featuredmedia":[{"embeddable":true,"href":"https:\/\/www.sudoestehoje.com.br\/novoportal\/wp-json\/wp\/v2\/media\/119504"}],"wp:attachment":[{"href":"https:\/\/www.sudoestehoje.com.br\/novoportal\/wp-json\/wp\/v2\/media?parent=119503"}],"wp:term":[{"taxonomy":"category","embeddable":true,"href":"https:\/\/www.sudoestehoje.com.br\/novoportal\/wp-json\/wp\/v2\/categories?post=119503"},{"taxonomy":"post_tag","embeddable":true,"href":"https:\/\/www.sudoestehoje.com.br\/novoportal\/wp-json\/wp\/v2\/tags?post=119503"}],"curies":[{"name":"wp","href":"https:\/\/api.w.org\/{rel}","templated":true}]}}