
{"id":119497,"date":"2024-10-24T09:05:03","date_gmt":"2024-10-24T12:05:03","guid":{"rendered":"https:\/\/www.sudoestehoje.com.br\/novoportal\/?p=119497"},"modified":"2024-10-24T09:05:03","modified_gmt":"2024-10-24T12:05:03","slug":"sudoeste-medica-de-guanambi-morre-em-ambulancia-a-caminho-de-salvador","status":"publish","type":"post","link":"https:\/\/www.sudoestehoje.com.br\/novoportal\/2024\/10\/24\/sudoeste-medica-de-guanambi-morre-em-ambulancia-a-caminho-de-salvador\/","title":{"rendered":"SUDOESTE | M\u00c9DICA DE GUANAMBI MORRE EM AMBUL\u00c2NCIA A CAMINHO DE SALVADOR"},"content":{"rendered":"<p><img loading=\"lazy\" decoding=\"async\" class=\"alignnone  wp-image-119498\" src=\"https:\/\/www.sudoestehoje.com.br\/novoportal\/wp-content\/uploads\/2024\/10\/1-11-768x961-1-600x423.jpg\" alt=\"\" width=\"550\" height=\"388\" srcset=\"https:\/\/www.sudoestehoje.com.br\/novoportal\/wp-content\/uploads\/2024\/10\/1-11-768x961-1-600x423.jpg 600w, https:\/\/www.sudoestehoje.com.br\/novoportal\/wp-content\/uploads\/2024\/10\/1-11-768x961-1.jpg 695w\" sizes=\"auto, (max-width: 550px) 100vw, 550px\" \/><\/p>\n<p><strong>A morte de uma jovem m\u00e9dica de 27 anos chocou moradores do Sudoeste baiano na tarde desta quarta-feira (23). M\u00e9dica plantonista da Unidade de Pronto Atendimento \u2013 UPA 24h de Guanambi, Jhade Fernandes Barbosa faleceu depois de socorrida para outra UPA, a do Entroncamento de Jaguaquara, \u00e0s margens da BR-116, quando era transportada em uma ambul\u00e2ncia para tratamento de sa\u00fade em Salvador.<\/strong><\/p>\n<p><strong>O quando teria se agravado quando o ve\u00edculo com a paciente transitava pela regi\u00e3o de Marac\u00e1s, de onde a equipe seguia para o Hospital Geral Prado Valadares \u2013 HGPV, em Jequi\u00e9, mas no trajeto ela foi levada para a UPA, onde teria falecido.<\/strong><\/p>\n<p><strong> N\u00e3o h\u00e1 informa\u00e7\u00f5es sobre qual seria a enfermidade que teria afetado a profissional. O corpo foi transladado para Guanambi, cuja Prefeitura emitiu nota de pesar, lamentando o passamento de Jhade.<\/strong><\/p>\n","protected":false},"excerpt":{"rendered":"<p>A morte de uma jovem m\u00e9dica de 27 anos chocou moradores do Sudoeste baiano na tarde desta quarta-feira (23). M\u00e9dica plantonista da Unidade de Pronto Atendimento \u2013 UPA 24h de Guanambi, Jhade Fernandes Barbosa faleceu depois de socorrida para outra UPA, a do Entroncamento de Jaguaquara, \u00e0s margens da BR-116, quando era transportada em uma [&hellip;]<\/p>\n","protected":false},"author":2,"featured_media":119498,"comment_status":"closed","ping_status":"open","sticky":false,"template":"","format":"standard","meta":{"footnotes":"","_links_to":"","_links_to_target":""},"categories":[1],"tags":[],"class_list":["post-119497","post","type-post","status-publish","format-standard","has-post-thumbnail","hentry","category-geral"],"views":1527,"_links":{"self":[{"href":"https:\/\/www.sudoestehoje.com.br\/novoportal\/wp-json\/wp\/v2\/posts\/119497","targetHints":{"allow":["GET"]}}],"collection":[{"href":"https:\/\/www.sudoestehoje.com.br\/novoportal\/wp-json\/wp\/v2\/posts"}],"about":[{"href":"https:\/\/www.sudoestehoje.com.br\/novoportal\/wp-json\/wp\/v2\/types\/post"}],"author":[{"embeddable":true,"href":"https:\/\/www.sudoestehoje.com.br\/novoportal\/wp-json\/wp\/v2\/users\/2"}],"replies":[{"embeddable":true,"href":"https:\/\/www.sudoestehoje.com.br\/novoportal\/wp-json\/wp\/v2\/comments?post=119497"}],"version-history":[{"count":1,"href":"https:\/\/www.sudoestehoje.com.br\/novoportal\/wp-json\/wp\/v2\/posts\/119497\/revisions"}],"predecessor-version":[{"id":119499,"href":"https:\/\/www.sudoestehoje.com.br\/novoportal\/wp-json\/wp\/v2\/posts\/119497\/revisions\/119499"}],"wp:featuredmedia":[{"embeddable":true,"href":"https:\/\/www.sudoestehoje.com.br\/novoportal\/wp-json\/wp\/v2\/media\/119498"}],"wp:attachment":[{"href":"https:\/\/www.sudoestehoje.com.br\/novoportal\/wp-json\/wp\/v2\/media?parent=119497"}],"wp:term":[{"taxonomy":"category","embeddable":true,"href":"https:\/\/www.sudoestehoje.com.br\/novoportal\/wp-json\/wp\/v2\/categories?post=119497"},{"taxonomy":"post_tag","embeddable":true,"href":"https:\/\/www.sudoestehoje.com.br\/novoportal\/wp-json\/wp\/v2\/tags?post=119497"}],"curies":[{"name":"wp","href":"https:\/\/api.w.org\/{rel}","templated":true}]}}