
{"id":119481,"date":"2024-10-23T10:59:29","date_gmt":"2024-10-23T13:59:29","guid":{"rendered":"https:\/\/www.sudoestehoje.com.br\/novoportal\/?p=119481"},"modified":"2024-10-23T11:00:31","modified_gmt":"2024-10-23T14:00:31","slug":"regiao-sul-pai-de-augusto-castro-prefeito-de-itabuna-morre-aos-98-anos","status":"publish","type":"post","link":"https:\/\/www.sudoestehoje.com.br\/novoportal\/2024\/10\/23\/regiao-sul-pai-de-augusto-castro-prefeito-de-itabuna-morre-aos-98-anos\/","title":{"rendered":"REGI\u00c3O SUL | PAI DE AUGUSTO CASTRO, PREFEITO DE ITABUNA, MORRE AOS 98 ANOS"},"content":{"rendered":"<p><img loading=\"lazy\" decoding=\"async\" class=\"alignnone wp-image-119482\" src=\"https:\/\/www.sudoestehoje.com.br\/novoportal\/wp-content\/uploads\/2024\/10\/Augusto-Castro-e-pai.jpg\" alt=\"\" width=\"551\" height=\"386\" \/><\/p>\n<p><strong>Gild\u00e1sio Castro, pai do prefeito reeleito de Itabuna, Augusto Castro (PSD), morreu na noite de ter\u00e7a-feira (22), aos 98 anos. A causa da morte, contudo, ainda n\u00e3o foi informada.\u00a0<\/strong><\/p>\n<p><strong>O \u00f3bito foi confirmado por meio das redes sociais do gestor municipal. O pessedista postou uma nota de pesar e lamentou a perda.\u00a0<\/strong><\/p>\n<p><strong>\u201cUm exemplo de for\u00e7a, supera\u00e7\u00e3o e um verdadeiro pilar em nossa fam\u00edlia. Seu legado de amor e dedica\u00e7\u00e3o permanecer\u00e1 para sempre em nossos cora\u00e7\u00f5es!\u201d, publicou o prefeito.<\/strong><\/p>\n<p><strong>O vel\u00f3rio ser\u00e1 realizado hoje, a partir das 07h, no SAF Itabuna, e o sepultamento ocorrer\u00e1 \u00e0s 15h30, no Cemit\u00e9rio Campo Santo.<\/strong><\/p>\n<p><strong>O Sudoeste Hoje lamenta a perda irrepar\u00e1vel e estende seu pesar ao amigo Augusto e familiares. \/\/SH<\/strong><\/p>\n","protected":false},"excerpt":{"rendered":"<p>Gild\u00e1sio Castro, pai do prefeito reeleito de Itabuna, Augusto Castro (PSD), morreu na noite de ter\u00e7a-feira (22), aos 98 anos. A causa da morte, contudo, ainda n\u00e3o foi informada.\u00a0 O \u00f3bito foi confirmado por meio das redes sociais do gestor municipal. O pessedista postou uma nota de pesar e lamentou a perda.\u00a0 \u201cUm exemplo de [&hellip;]<\/p>\n","protected":false},"author":2,"featured_media":119482,"comment_status":"closed","ping_status":"open","sticky":false,"template":"","format":"standard","meta":{"footnotes":"","_links_to":"","_links_to_target":""},"categories":[1],"tags":[],"class_list":["post-119481","post","type-post","status-publish","format-standard","has-post-thumbnail","hentry","category-geral"],"views":584,"_links":{"self":[{"href":"https:\/\/www.sudoestehoje.com.br\/novoportal\/wp-json\/wp\/v2\/posts\/119481","targetHints":{"allow":["GET"]}}],"collection":[{"href":"https:\/\/www.sudoestehoje.com.br\/novoportal\/wp-json\/wp\/v2\/posts"}],"about":[{"href":"https:\/\/www.sudoestehoje.com.br\/novoportal\/wp-json\/wp\/v2\/types\/post"}],"author":[{"embeddable":true,"href":"https:\/\/www.sudoestehoje.com.br\/novoportal\/wp-json\/wp\/v2\/users\/2"}],"replies":[{"embeddable":true,"href":"https:\/\/www.sudoestehoje.com.br\/novoportal\/wp-json\/wp\/v2\/comments?post=119481"}],"version-history":[{"count":2,"href":"https:\/\/www.sudoestehoje.com.br\/novoportal\/wp-json\/wp\/v2\/posts\/119481\/revisions"}],"predecessor-version":[{"id":119484,"href":"https:\/\/www.sudoestehoje.com.br\/novoportal\/wp-json\/wp\/v2\/posts\/119481\/revisions\/119484"}],"wp:featuredmedia":[{"embeddable":true,"href":"https:\/\/www.sudoestehoje.com.br\/novoportal\/wp-json\/wp\/v2\/media\/119482"}],"wp:attachment":[{"href":"https:\/\/www.sudoestehoje.com.br\/novoportal\/wp-json\/wp\/v2\/media?parent=119481"}],"wp:term":[{"taxonomy":"category","embeddable":true,"href":"https:\/\/www.sudoestehoje.com.br\/novoportal\/wp-json\/wp\/v2\/categories?post=119481"},{"taxonomy":"post_tag","embeddable":true,"href":"https:\/\/www.sudoestehoje.com.br\/novoportal\/wp-json\/wp\/v2\/tags?post=119481"}],"curies":[{"name":"wp","href":"https:\/\/api.w.org\/{rel}","templated":true}]}}