
{"id":119427,"date":"2024-10-21T10:33:06","date_gmt":"2024-10-21T13:33:06","guid":{"rendered":"https:\/\/www.sudoestehoje.com.br\/novoportal\/?p=119427"},"modified":"2024-10-21T10:40:11","modified_gmt":"2024-10-21T13:40:11","slug":"coopardo-promove-dia-de-campo-com-participacao-de-vaqueiros-e-produtores-da-regiao","status":"publish","type":"post","link":"https:\/\/www.sudoestehoje.com.br\/novoportal\/2024\/10\/21\/coopardo-promove-dia-de-campo-com-participacao-de-vaqueiros-e-produtores-da-regiao\/","title":{"rendered":"COOPARDO PROMOVE DIA DE CAMPO E 1\u00ba ENCONTRO COOPLEITE EM MAIQUINIQUE"},"content":{"rendered":"<p><img loading=\"lazy\" decoding=\"async\" class=\"alignnone wp-image-119428\" src=\"https:\/\/www.sudoestehoje.com.br\/novoportal\/wp-content\/uploads\/2024\/10\/61349859-db7f-4a69-aaf5-1d0d1e95b55b-600x600.jpg\" alt=\"\" width=\"549\" height=\"549\" srcset=\"https:\/\/www.sudoestehoje.com.br\/novoportal\/wp-content\/uploads\/2024\/10\/61349859-db7f-4a69-aaf5-1d0d1e95b55b-600x600.jpg 600w, https:\/\/www.sudoestehoje.com.br\/novoportal\/wp-content\/uploads\/2024\/10\/61349859-db7f-4a69-aaf5-1d0d1e95b55b-700x700.jpg 700w, https:\/\/www.sudoestehoje.com.br\/novoportal\/wp-content\/uploads\/2024\/10\/61349859-db7f-4a69-aaf5-1d0d1e95b55b-150x150.jpg 150w, https:\/\/www.sudoestehoje.com.br\/novoportal\/wp-content\/uploads\/2024\/10\/61349859-db7f-4a69-aaf5-1d0d1e95b55b-768x768.jpg 768w, https:\/\/www.sudoestehoje.com.br\/novoportal\/wp-content\/uploads\/2024\/10\/61349859-db7f-4a69-aaf5-1d0d1e95b55b.jpg 1080w\" sizes=\"auto, (max-width: 549px) 100vw, 549px\" \/><\/p>\n<p><strong>Com participa\u00e7\u00e3o dos produtores e vaqueiros de Itapetinga, Macarani, Itarantim, Potiragu\u00e1, Itamb\u00e9, Caatib , Itoror\u00f3, Vit\u00f3ria da Conquista e outros munic\u00edpios, a Coopardo realizou na \u00faltima sexta-feira (18), na cidade de Maiquinique, o &#8216;Dia de Campo e 1\u00ba Encontro Coopleite&#8217; da regi\u00e3o.<\/strong><\/p>\n<p><strong>O evento foi promovido em conjunto com a MSD Sa\u00fade Animal, Latic\u00ednio Oriente e Fazenda 3 Meninas, com 149 inscritos na palestra e 212 pessoas participando efetivamente das discuss\u00f5es de suma import\u00e2ncia para a agropecu\u00e1ria regional.<\/strong><\/p>\n<p><img loading=\"lazy\" decoding=\"async\" class=\"alignnone wp-image-119431\" src=\"https:\/\/www.sudoestehoje.com.br\/novoportal\/wp-content\/uploads\/2024\/10\/36aca30e-61da-4cf7-b376-e85e36846a13-600x462.jpg\" alt=\"\" width=\"551\" height=\"424\" srcset=\"https:\/\/www.sudoestehoje.com.br\/novoportal\/wp-content\/uploads\/2024\/10\/36aca30e-61da-4cf7-b376-e85e36846a13-600x462.jpg 600w, https:\/\/www.sudoestehoje.com.br\/novoportal\/wp-content\/uploads\/2024\/10\/36aca30e-61da-4cf7-b376-e85e36846a13-700x539.jpg 700w, https:\/\/www.sudoestehoje.com.br\/novoportal\/wp-content\/uploads\/2024\/10\/36aca30e-61da-4cf7-b376-e85e36846a13-768x591.jpg 768w, https:\/\/www.sudoestehoje.com.br\/novoportal\/wp-content\/uploads\/2024\/10\/36aca30e-61da-4cf7-b376-e85e36846a13-1536x1183.jpg 1536w, https:\/\/www.sudoestehoje.com.br\/novoportal\/wp-content\/uploads\/2024\/10\/36aca30e-61da-4cf7-b376-e85e36846a13-2048x1577.jpg 2048w\" sizes=\"auto, (max-width: 551px) 100vw, 551px\" \/><\/p>\n<p><strong>Na oportunidade, o presidente da Coopardo, Alex Coelho, em nome de sua diretoria, agradeceu a todos os vaqueiros agropecuarista que prestigiaram o evento.<\/strong><\/p>\n\n\t\t<style type=\"text\/css\">\n\t\t\t#gallery-1 {\n\t\t\t\tmargin: auto;\n\t\t\t}\n\t\t\t#gallery-1 .gallery-item {\n\t\t\t\tfloat: left;\n\t\t\t\tmargin-top: 10px;\n\t\t\t\ttext-align: center;\n\t\t\t\twidth: 33%;\n\t\t\t}\n\t\t\t#gallery-1 img {\n\t\t\t\tborder: 2px solid #cfcfcf;\n\t\t\t}\n\t\t\t#gallery-1 .gallery-caption {\n\t\t\t\tmargin-left: 0;\n\t\t\t}\n\t\t\t\/* see gallery_shortcode() in wp-includes\/media.php *\/\n\t\t<\/style>\n\t\t<div id='gallery-1' class='gallery galleryid-119427 gallery-columns-3 gallery-size-thumbnail'><dl class='gallery-item'>\n\t\t\t<dt class='gallery-icon portrait'>\n\t\t\t\t<a href='https:\/\/www.sudoestehoje.com.br\/novoportal\/2024\/10\/21\/coopardo-promove-dia-de-campo-com-participacao-de-vaqueiros-e-produtores-da-regiao\/whatsapp-image-2024-10-19-at-10-51-50\/'><img loading=\"lazy\" decoding=\"async\" width=\"150\" height=\"150\" src=\"https:\/\/www.sudoestehoje.com.br\/novoportal\/wp-content\/uploads\/2024\/10\/WhatsApp-Image-2024-10-19-at-10.51.50-150x150.jpeg\" class=\"attachment-thumbnail size-thumbnail\" alt=\"\" \/><\/a>\n\t\t\t<\/dt><\/dl><dl class='gallery-item'>\n\t\t\t<dt class='gallery-icon portrait'>\n\t\t\t\t<a href='https:\/\/www.sudoestehoje.com.br\/novoportal\/2024\/10\/21\/coopardo-promove-dia-de-campo-com-participacao-de-vaqueiros-e-produtores-da-regiao\/whatsapp-image-2024-10-19-at-10-53-34-1\/'><img loading=\"lazy\" decoding=\"async\" width=\"150\" height=\"150\" src=\"https:\/\/www.sudoestehoje.com.br\/novoportal\/wp-content\/uploads\/2024\/10\/WhatsApp-Image-2024-10-19-at-10.53.34-1-150x150.jpeg\" class=\"attachment-thumbnail size-thumbnail\" alt=\"\" \/><\/a>\n\t\t\t<\/dt><\/dl><dl class='gallery-item'>\n\t\t\t<dt class='gallery-icon portrait'>\n\t\t\t\t<a href='https:\/\/www.sudoestehoje.com.br\/novoportal\/2024\/10\/21\/coopardo-promove-dia-de-campo-com-participacao-de-vaqueiros-e-produtores-da-regiao\/whatsapp-image-2024-10-19-at-10-53-34\/'><img loading=\"lazy\" decoding=\"async\" width=\"150\" height=\"150\" src=\"https:\/\/www.sudoestehoje.com.br\/novoportal\/wp-content\/uploads\/2024\/10\/WhatsApp-Image-2024-10-19-at-10.53.34-150x150.jpeg\" class=\"attachment-thumbnail size-thumbnail\" alt=\"\" \/><\/a>\n\t\t\t<\/dt><\/dl><br style=\"clear: both\" \/><dl class='gallery-item'>\n\t\t\t<dt class='gallery-icon landscape'>\n\t\t\t\t<a href='https:\/\/www.sudoestehoje.com.br\/novoportal\/2024\/10\/21\/coopardo-promove-dia-de-campo-com-participacao-de-vaqueiros-e-produtores-da-regiao\/whatsapp-image-2024-10-19-at-10-53-35-1\/'><img loading=\"lazy\" decoding=\"async\" width=\"150\" height=\"150\" src=\"https:\/\/www.sudoestehoje.com.br\/novoportal\/wp-content\/uploads\/2024\/10\/WhatsApp-Image-2024-10-19-at-10.53.35-1-150x150.jpeg\" class=\"attachment-thumbnail size-thumbnail\" alt=\"\" \/><\/a>\n\t\t\t<\/dt><\/dl><dl class='gallery-item'>\n\t\t\t<dt class='gallery-icon portrait'>\n\t\t\t\t<a href='https:\/\/www.sudoestehoje.com.br\/novoportal\/2024\/10\/21\/coopardo-promove-dia-de-campo-com-participacao-de-vaqueiros-e-produtores-da-regiao\/whatsapp-image-2024-10-19-at-10-53-35-2\/'><img loading=\"lazy\" decoding=\"async\" width=\"150\" height=\"150\" src=\"https:\/\/www.sudoestehoje.com.br\/novoportal\/wp-content\/uploads\/2024\/10\/WhatsApp-Image-2024-10-19-at-10.53.35-2-150x150.jpeg\" class=\"attachment-thumbnail size-thumbnail\" alt=\"\" \/><\/a>\n\t\t\t<\/dt><\/dl><dl class='gallery-item'>\n\t\t\t<dt class='gallery-icon portrait'>\n\t\t\t\t<a href='https:\/\/www.sudoestehoje.com.br\/novoportal\/2024\/10\/21\/coopardo-promove-dia-de-campo-com-participacao-de-vaqueiros-e-produtores-da-regiao\/whatsapp-image-2024-10-19-at-10-53-35-3\/'><img loading=\"lazy\" decoding=\"async\" width=\"150\" height=\"150\" src=\"https:\/\/www.sudoestehoje.com.br\/novoportal\/wp-content\/uploads\/2024\/10\/WhatsApp-Image-2024-10-19-at-10.53.35-3-150x150.jpeg\" class=\"attachment-thumbnail size-thumbnail\" alt=\"\" \/><\/a>\n\t\t\t<\/dt><\/dl><br style=\"clear: both\" \/><dl class='gallery-item'>\n\t\t\t<dt class='gallery-icon portrait'>\n\t\t\t\t<a href='https:\/\/www.sudoestehoje.com.br\/novoportal\/2024\/10\/21\/coopardo-promove-dia-de-campo-com-participacao-de-vaqueiros-e-produtores-da-regiao\/whatsapp-image-2024-10-19-at-10-53-36-1\/'><img loading=\"lazy\" decoding=\"async\" width=\"150\" height=\"150\" src=\"https:\/\/www.sudoestehoje.com.br\/novoportal\/wp-content\/uploads\/2024\/10\/WhatsApp-Image-2024-10-19-at-10.53.36-1-150x150.jpeg\" class=\"attachment-thumbnail size-thumbnail\" alt=\"\" \/><\/a>\n\t\t\t<\/dt><\/dl><dl class='gallery-item'>\n\t\t\t<dt class='gallery-icon portrait'>\n\t\t\t\t<a href='https:\/\/www.sudoestehoje.com.br\/novoportal\/2024\/10\/21\/coopardo-promove-dia-de-campo-com-participacao-de-vaqueiros-e-produtores-da-regiao\/whatsapp-image-2024-10-19-at-10-53-36\/'><img loading=\"lazy\" decoding=\"async\" width=\"150\" height=\"150\" src=\"https:\/\/www.sudoestehoje.com.br\/novoportal\/wp-content\/uploads\/2024\/10\/WhatsApp-Image-2024-10-19-at-10.53.36-150x150.jpeg\" class=\"attachment-thumbnail size-thumbnail\" alt=\"\" \/><\/a>\n\t\t\t<\/dt><\/dl><dl class='gallery-item'>\n\t\t\t<dt class='gallery-icon portrait'>\n\t\t\t\t<a href='https:\/\/www.sudoestehoje.com.br\/novoportal\/2024\/10\/21\/coopardo-promove-dia-de-campo-com-participacao-de-vaqueiros-e-produtores-da-regiao\/whatsapp-image-2024-10-19-at-10-53-35\/'><img loading=\"lazy\" decoding=\"async\" width=\"150\" height=\"150\" src=\"https:\/\/www.sudoestehoje.com.br\/novoportal\/wp-content\/uploads\/2024\/10\/WhatsApp-Image-2024-10-19-at-10.53.35-150x150.jpeg\" class=\"attachment-thumbnail size-thumbnail\" alt=\"\" \/><\/a>\n\t\t\t<\/dt><\/dl><br style=\"clear: both\" \/>\n\t\t<\/div>\n\n<p><strong>Reda\u00e7\u00e3o SH<\/strong><\/p>\n","protected":false},"excerpt":{"rendered":"<p>Com participa\u00e7\u00e3o dos produtores e vaqueiros de Itapetinga, Macarani, Itarantim, Potiragu\u00e1, Itamb\u00e9, Caatib , Itoror\u00f3, Vit\u00f3ria da Conquista e outros munic\u00edpios, a Coopardo realizou na \u00faltima sexta-feira (18), na cidade de Maiquinique, o &#8216;Dia de Campo e 1\u00ba Encontro Coopleite&#8217; da regi\u00e3o. O evento foi promovido em conjunto com a MSD Sa\u00fade Animal, Latic\u00ednio Oriente [&hellip;]<\/p>\n","protected":false},"author":2,"featured_media":119428,"comment_status":"closed","ping_status":"open","sticky":false,"template":"","format":"standard","meta":{"footnotes":"","_links_to":"","_links_to_target":""},"categories":[1],"tags":[],"class_list":["post-119427","post","type-post","status-publish","format-standard","has-post-thumbnail","hentry","category-geral"],"views":785,"_links":{"self":[{"href":"https:\/\/www.sudoestehoje.com.br\/novoportal\/wp-json\/wp\/v2\/posts\/119427","targetHints":{"allow":["GET"]}}],"collection":[{"href":"https:\/\/www.sudoestehoje.com.br\/novoportal\/wp-json\/wp\/v2\/posts"}],"about":[{"href":"https:\/\/www.sudoestehoje.com.br\/novoportal\/wp-json\/wp\/v2\/types\/post"}],"author":[{"embeddable":true,"href":"https:\/\/www.sudoestehoje.com.br\/novoportal\/wp-json\/wp\/v2\/users\/2"}],"replies":[{"embeddable":true,"href":"https:\/\/www.sudoestehoje.com.br\/novoportal\/wp-json\/wp\/v2\/comments?post=119427"}],"version-history":[{"count":8,"href":"https:\/\/www.sudoestehoje.com.br\/novoportal\/wp-json\/wp\/v2\/posts\/119427\/revisions"}],"predecessor-version":[{"id":119448,"href":"https:\/\/www.sudoestehoje.com.br\/novoportal\/wp-json\/wp\/v2\/posts\/119427\/revisions\/119448"}],"wp:featuredmedia":[{"embeddable":true,"href":"https:\/\/www.sudoestehoje.com.br\/novoportal\/wp-json\/wp\/v2\/media\/119428"}],"wp:attachment":[{"href":"https:\/\/www.sudoestehoje.com.br\/novoportal\/wp-json\/wp\/v2\/media?parent=119427"}],"wp:term":[{"taxonomy":"category","embeddable":true,"href":"https:\/\/www.sudoestehoje.com.br\/novoportal\/wp-json\/wp\/v2\/categories?post=119427"},{"taxonomy":"post_tag","embeddable":true,"href":"https:\/\/www.sudoestehoje.com.br\/novoportal\/wp-json\/wp\/v2\/tags?post=119427"}],"curies":[{"name":"wp","href":"https:\/\/api.w.org\/{rel}","templated":true}]}}