
{"id":119386,"date":"2024-10-16T20:14:06","date_gmt":"2024-10-16T23:14:06","guid":{"rendered":"https:\/\/www.sudoestehoje.com.br\/novoportal\/?p=119386"},"modified":"2024-10-17T08:24:12","modified_gmt":"2024-10-17T11:24:12","slug":"comercio-de-itapetinga-tera-funciomento-normal-na-proxima-segunda-dia-do-comerciario","status":"publish","type":"post","link":"https:\/\/www.sudoestehoje.com.br\/novoportal\/2024\/10\/16\/comercio-de-itapetinga-tera-funciomento-normal-na-proxima-segunda-dia-do-comerciario\/","title":{"rendered":"COM\u00c9RCIO DE ITAPETINGA TER\u00c1 FUNCIONAMENTO NORMAL NA PR\u00d3XIMA SEGUNDA, DIA DO COMERCI\u00c1RIO"},"content":{"rendered":"<p><img loading=\"lazy\" decoding=\"async\" class=\"alignnone wp-image-119387\" src=\"https:\/\/www.sudoestehoje.com.br\/novoportal\/wp-content\/uploads\/2024\/10\/download.jpg\" alt=\"\" width=\"549\" height=\"371\" \/><\/p>\n<p><strong>A CDL de Itapetinga informa que, na pr\u00f3xima\u00a0segunda-feira, 21 de outubro de 2024, data que marca o\u00a0Dia dos Trabalhadores Comerci\u00e1rios\u00a0\u2013 feriado municipal \u2013 o com\u00e9rcio funcionar\u00e1 normalmente. Esta decis\u00e3o se d\u00e1 em raz\u00e3o da folga antecipada do feriado, que foi desfrutado pelos trabalhadores na\u00a0segunda-feira de Carnaval, dia 12 de fevereiro de 2024, quando o com\u00e9rcio permaneceu fechado.<\/strong><\/p>\n<p><strong>Essa antecipa\u00e7\u00e3o foi definida em acordo firmado pela\u00a0Conven\u00e7\u00e3o Coletiva 2023-2025, permitindo que os trabalhadores do com\u00e9rcio tivessem sua merecida folga no in\u00edcio do ano. Portanto,\u00a0neste dia 21 de outubro, o com\u00e9rcio abrir\u00e1 suas portas normalmente, garantindo o funcionamento pleno para os consumidores e o fluxo habitual de atividades.<\/strong><\/p>\n<p><strong>Vale lembrar que a antecipa\u00e7\u00e3o do descanso para o Carnaval n\u00e3o anula a import\u00e2ncia do\u00a0Dia dos Trabalhadores Comerci\u00e1rios. Este dia \u00e9 uma data especial, destinada a homenagear o esfor\u00e7o e dedica\u00e7\u00e3o de todos os profissionais que impulsionam o com\u00e9rcio de Itapetinga. Embora a folga tenha sido antecipada, o reconhecimento pelo trabalho essencial dos comerci\u00e1rios permanece, destacando sua contribui\u00e7\u00e3o vital para o crescimento e desenvolvimento de nossa economia local.<\/strong><\/p>\n<p><strong>A CDL de Itapetinga parabeniza todos os trabalhadores do com\u00e9rcio pelo compromisso di\u00e1rio e pelo papel fundamental que desempenham em nossa comunidade. Juntos, seguimos trabalhando por uma cidade mais forte e pr\u00f3spera.<\/strong><\/p>\n<p><strong><a href=\"https:\/\/drive.google.com\/file\/d\/1KZUY5_ZEG_lEwIbooP02glQ-SncKdMr2\/view?usp=sharing\" target=\"_blank\" rel=\"noopener\">Clique aqui para baixar a Conven\u00e7\u00e3o Coletiva 2023-2025 completa.<\/a><\/strong><\/p>\n","protected":false},"excerpt":{"rendered":"<p>A CDL de Itapetinga informa que, na pr\u00f3xima\u00a0segunda-feira, 21 de outubro de 2024, data que marca o\u00a0Dia dos Trabalhadores Comerci\u00e1rios\u00a0\u2013 feriado municipal \u2013 o com\u00e9rcio funcionar\u00e1 normalmente. Esta decis\u00e3o se d\u00e1 em raz\u00e3o da folga antecipada do feriado, que foi desfrutado pelos trabalhadores na\u00a0segunda-feira de Carnaval, dia 12 de fevereiro de 2024, quando o com\u00e9rcio [&hellip;]<\/p>\n","protected":false},"author":2,"featured_media":119387,"comment_status":"closed","ping_status":"open","sticky":false,"template":"","format":"standard","meta":{"footnotes":"","_links_to":"","_links_to_target":""},"categories":[1],"tags":[],"class_list":["post-119386","post","type-post","status-publish","format-standard","has-post-thumbnail","hentry","category-geral"],"views":838,"_links":{"self":[{"href":"https:\/\/www.sudoestehoje.com.br\/novoportal\/wp-json\/wp\/v2\/posts\/119386","targetHints":{"allow":["GET"]}}],"collection":[{"href":"https:\/\/www.sudoestehoje.com.br\/novoportal\/wp-json\/wp\/v2\/posts"}],"about":[{"href":"https:\/\/www.sudoestehoje.com.br\/novoportal\/wp-json\/wp\/v2\/types\/post"}],"author":[{"embeddable":true,"href":"https:\/\/www.sudoestehoje.com.br\/novoportal\/wp-json\/wp\/v2\/users\/2"}],"replies":[{"embeddable":true,"href":"https:\/\/www.sudoestehoje.com.br\/novoportal\/wp-json\/wp\/v2\/comments?post=119386"}],"version-history":[{"count":5,"href":"https:\/\/www.sudoestehoje.com.br\/novoportal\/wp-json\/wp\/v2\/posts\/119386\/revisions"}],"predecessor-version":[{"id":119392,"href":"https:\/\/www.sudoestehoje.com.br\/novoportal\/wp-json\/wp\/v2\/posts\/119386\/revisions\/119392"}],"wp:featuredmedia":[{"embeddable":true,"href":"https:\/\/www.sudoestehoje.com.br\/novoportal\/wp-json\/wp\/v2\/media\/119387"}],"wp:attachment":[{"href":"https:\/\/www.sudoestehoje.com.br\/novoportal\/wp-json\/wp\/v2\/media?parent=119386"}],"wp:term":[{"taxonomy":"category","embeddable":true,"href":"https:\/\/www.sudoestehoje.com.br\/novoportal\/wp-json\/wp\/v2\/categories?post=119386"},{"taxonomy":"post_tag","embeddable":true,"href":"https:\/\/www.sudoestehoje.com.br\/novoportal\/wp-json\/wp\/v2\/tags?post=119386"}],"curies":[{"name":"wp","href":"https:\/\/api.w.org\/{rel}","templated":true}]}}