
{"id":119375,"date":"2024-10-15T09:32:41","date_gmt":"2024-10-15T12:32:41","guid":{"rendered":"https:\/\/www.sudoestehoje.com.br\/novoportal\/?p=119375"},"modified":"2024-10-15T09:32:41","modified_gmt":"2024-10-15T12:32:41","slug":"salvador-geraldo-jr-associa-fracasso-nas-eleicoes-a-todo-o-grupo-do-governo-nos-perdemos","status":"publish","type":"post","link":"https:\/\/www.sudoestehoje.com.br\/novoportal\/2024\/10\/15\/salvador-geraldo-jr-associa-fracasso-nas-eleicoes-a-todo-o-grupo-do-governo-nos-perdemos\/","title":{"rendered":"SALVADOR | GERALDO JR ASSOCIA FRACASSO NAS ELEI\u00c7\u00d5ES A TODO O GRUPO DO GOVERNO: &#8220;N\u00d3S PERDEMOS&#8221;"},"content":{"rendered":"<p><img loading=\"lazy\" decoding=\"async\" class=\"alignnone  wp-image-119377\" src=\"https:\/\/www.sudoestehoje.com.br\/novoportal\/wp-content\/uploads\/2024\/10\/img-20221002-wa0057-600x368.webp\" alt=\"\" width=\"549\" height=\"337\" srcset=\"https:\/\/www.sudoestehoje.com.br\/novoportal\/wp-content\/uploads\/2024\/10\/img-20221002-wa0057-600x368.webp 600w, https:\/\/www.sudoestehoje.com.br\/novoportal\/wp-content\/uploads\/2024\/10\/img-20221002-wa0057-700x430.webp 700w, https:\/\/www.sudoestehoje.com.br\/novoportal\/wp-content\/uploads\/2024\/10\/img-20221002-wa0057-768x472.webp 768w, https:\/\/www.sudoestehoje.com.br\/novoportal\/wp-content\/uploads\/2024\/10\/img-20221002-wa0057.webp 1280w\" sizes=\"auto, (max-width: 549px) 100vw, 549px\" \/><\/p>\n<p style=\"font-weight: 400;\"><strong>O vice-governador da Bahia e candidato derrotado nas elei\u00e7\u00f5es municipais de 2024 em Salvador, Geraldo Jr (MDB), fez sua primeira apari\u00e7\u00e3o p\u00fablica, nesta segunda-feira (15), ap\u00f3s o fracasso nas urnas no \u00faltimo dia 6 de outubro.\u00a0O ex-presidente da C\u00e2mara Municipal comentou sobre a terceira coloca\u00e7\u00e3o na disputa pela capital baiana e apontou que a derrota n\u00e3o seria individual, mas sim de todo o grupo pol\u00edtico formado pelo o governador Jer\u00f4nimo Rodrigues (PT)\u00a0 e os partidos da base.\u00a0<\/strong><\/p>\n<p style=\"font-weight: 400;\"><strong>&#8220;Essa derrota em Salvador \u00e9 de Geraldinho, do MDB? N\u00e3o. \u00c9 de Geraldinho, do MDB, mas \u00e9 de uma alian\u00e7a de partidos, porque sen\u00e3o vai ter dois pesos e duas medidas. N\u00f3s lan\u00e7amos um candidato a prefeito de Juazeiro, que poucas pessoas acreditavam. Eu fui ao pr\u00e9-lan\u00e7amento (&#8230;). Ningu\u00e9m acreditava em Andrei da Caixa. Andrei resistiu a tudo e a todos. Teve o apoio do partido e do grupo pol\u00edtico. A vit\u00f3ria em Juazeiro \u00e9 do MDB ou da alian\u00e7a? A derrota (em Salvador) \u00e9 do MDB, de Geraldinho ou da alian\u00e7a pol\u00edtica? \u00c9 da alian\u00e7a pol\u00edtica como a vit\u00f3ria em Juazeiro \u00e9 da alian\u00e7a pol\u00edtica&#8221;, afirmou Jr durante entrevista \u00e0 r\u00e1dio Metr\u00f3pole.<\/strong><\/p>\n<p style=\"font-weight: 400;\"><strong>Geraldo revelou ainda que n\u00e3o far\u00e1 patrulhamento de lideran\u00e7as do seu grupo que n\u00e3o auxiliou sua campanha em Salvador. O ex-vereador ainda associou e indicou que foi o seu grupo pol\u00edtico que perdeu a elei\u00e7\u00e3o.\u00a0<\/strong><\/p>\n<p style=\"font-weight: 400;\"><strong>\u201cA cada cabe\u00e7a cabe sua consci\u00eancia e sua responsabilidade. Eu fui para as ruas. Dei o melhor de mim. [&#8230;] A derrota \u00e9 para n\u00f3s aprendermos e n\u00e3o repetirmos os erros. A derrota \u00e9 para o aprendizado. N\u00e3o \u00e9 para ficar chorando. \u00c9 para fazer uma avalia\u00e7\u00e3o e as futuras decis\u00f5es sejam tomadas com equil\u00edbrio. N\u00f3s perdemos. Eu perdi a elei\u00e7\u00e3o, o meu grupo pol\u00edtico perdeu a elei\u00e7\u00e3o. Quando o time ganha, s\u00f3 tem aplausos e reconhecimento. Quando perde, s\u00f3 cr\u00edticas. E aquele velho ditado: a vit\u00f3ria tem muitos pais, o fracasso \u00e9 \u00f3rf\u00e3o\u201d, observou.\u00a0<\/strong><\/p>\n","protected":false},"excerpt":{"rendered":"<p>O vice-governador da Bahia e candidato derrotado nas elei\u00e7\u00f5es municipais de 2024 em Salvador, Geraldo Jr (MDB), fez sua primeira apari\u00e7\u00e3o p\u00fablica, nesta segunda-feira (15), ap\u00f3s o fracasso nas urnas no \u00faltimo dia 6 de outubro.\u00a0O ex-presidente da C\u00e2mara Municipal comentou sobre a terceira coloca\u00e7\u00e3o na disputa pela capital baiana e apontou que a derrota [&hellip;]<\/p>\n","protected":false},"author":2,"featured_media":119377,"comment_status":"closed","ping_status":"open","sticky":false,"template":"","format":"standard","meta":{"footnotes":"","_links_to":"","_links_to_target":""},"categories":[1],"tags":[],"class_list":["post-119375","post","type-post","status-publish","format-standard","has-post-thumbnail","hentry","category-geral"],"views":546,"_links":{"self":[{"href":"https:\/\/www.sudoestehoje.com.br\/novoportal\/wp-json\/wp\/v2\/posts\/119375","targetHints":{"allow":["GET"]}}],"collection":[{"href":"https:\/\/www.sudoestehoje.com.br\/novoportal\/wp-json\/wp\/v2\/posts"}],"about":[{"href":"https:\/\/www.sudoestehoje.com.br\/novoportal\/wp-json\/wp\/v2\/types\/post"}],"author":[{"embeddable":true,"href":"https:\/\/www.sudoestehoje.com.br\/novoportal\/wp-json\/wp\/v2\/users\/2"}],"replies":[{"embeddable":true,"href":"https:\/\/www.sudoestehoje.com.br\/novoportal\/wp-json\/wp\/v2\/comments?post=119375"}],"version-history":[{"count":3,"href":"https:\/\/www.sudoestehoje.com.br\/novoportal\/wp-json\/wp\/v2\/posts\/119375\/revisions"}],"predecessor-version":[{"id":119379,"href":"https:\/\/www.sudoestehoje.com.br\/novoportal\/wp-json\/wp\/v2\/posts\/119375\/revisions\/119379"}],"wp:featuredmedia":[{"embeddable":true,"href":"https:\/\/www.sudoestehoje.com.br\/novoportal\/wp-json\/wp\/v2\/media\/119377"}],"wp:attachment":[{"href":"https:\/\/www.sudoestehoje.com.br\/novoportal\/wp-json\/wp\/v2\/media?parent=119375"}],"wp:term":[{"taxonomy":"category","embeddable":true,"href":"https:\/\/www.sudoestehoje.com.br\/novoportal\/wp-json\/wp\/v2\/categories?post=119375"},{"taxonomy":"post_tag","embeddable":true,"href":"https:\/\/www.sudoestehoje.com.br\/novoportal\/wp-json\/wp\/v2\/tags?post=119375"}],"curies":[{"name":"wp","href":"https:\/\/api.w.org\/{rel}","templated":true}]}}