
{"id":11937,"date":"2012-01-10T21:20:18","date_gmt":"2012-01-11T00:20:18","guid":{"rendered":"http:\/\/www.sudoestehoje.com.br\/novoportal\/?p=11937"},"modified":"2012-01-10T21:21:56","modified_gmt":"2012-01-11T00:21:56","slug":"ibicui-prefeito-e-internado-com-suspeita-de-infarto","status":"publish","type":"post","link":"https:\/\/www.sudoestehoje.com.br\/novoportal\/2012\/01\/10\/ibicui-prefeito-e-internado-com-suspeita-de-infarto\/","title":{"rendered":"IBICU\u00cd: PREFEITO \u00c9 INTERNADO COM SUSPEITA DE INFARTO"},"content":{"rendered":"<p style=\"text-align: center;\"><img decoding=\"async\" class=\"aligncenter\" src=\"http:\/\/www.radarnoticias.com\/painel\/modulos\/artigos\/images\/1296667842.jpg\" alt=\"\" width=\"400\" \/><\/p>\n<p style=\"text-align: center;\"><em><strong>Cl\u00e1udio Dourado (PTB) foi internado com fortes dores no peito<\/strong><\/em><\/p>\n<p>IBICU\u00cd: Nesta segunda-feira o prefeito de Ibicu\u00ed, Cl\u00e1udio Dourado (PTB), deu entrada no Hospital Calixto Midlej em Itabuna. Ele estava com fortes dores no peito, existia a suspeita de infarto, mas ap\u00f3s a realiza\u00e7\u00e3o de v\u00e1rios exames foi descartado.\u00a0No momento Cl\u00e1udio se encontra em observa\u00e7\u00e3o e a previs\u00e3o de alta \u00e9 nesta quarta-feira. Logo em seguida ele vai tirar uns cinco dias de licen\u00e7a para fazer uma bateria de exames em S\u00e3o Paulo.<\/p>\n<p>Em contato com irm\u00e3o de Cl\u00e1udio, Douradinho, ele informou que est\u00e1 tudo tranq\u00fcilo e s\u00f3 est\u00e1 esperando o prazo da observa\u00e7\u00e3o para Cl\u00e1udio receber alta. \u201c foi descartado infarto e ele est\u00e1 em observa\u00e7\u00e3o, logo ap\u00f3s dever\u00e1 seguir\u00a0 para S\u00e3o Paulo para fazer exames mais detalhados, como precau\u00e7\u00e3o. Mas est\u00e1 tudo bem com ele, os amigos e os eleitores podem ficar despreocupados\u201d.<\/p>\n<p><em>Pol\u00edticos do Sul da Bahia<\/em><\/p>\n","protected":false},"excerpt":{"rendered":"<p>Cl\u00e1udio Dourado (PTB) foi internado com fortes dores no peito IBICU\u00cd: Nesta segunda-feira o prefeito de Ibicu\u00ed, Cl\u00e1udio Dourado (PTB), deu entrada no Hospital Calixto Midlej em Itabuna. Ele estava com fortes dores no peito, existia a suspeita de infarto, mas ap\u00f3s a realiza\u00e7\u00e3o de v\u00e1rios exames foi descartado.\u00a0No momento Cl\u00e1udio se encontra em observa\u00e7\u00e3o [&hellip;]<\/p>\n","protected":false},"author":2,"featured_media":0,"comment_status":"open","ping_status":"open","sticky":false,"template":"","format":"standard","meta":{"footnotes":"","_links_to":"","_links_to_target":""},"categories":[1],"tags":[],"class_list":["post-11937","post","type-post","status-publish","format-standard","hentry","category-geral"],"views":1138,"_links":{"self":[{"href":"https:\/\/www.sudoestehoje.com.br\/novoportal\/wp-json\/wp\/v2\/posts\/11937","targetHints":{"allow":["GET"]}}],"collection":[{"href":"https:\/\/www.sudoestehoje.com.br\/novoportal\/wp-json\/wp\/v2\/posts"}],"about":[{"href":"https:\/\/www.sudoestehoje.com.br\/novoportal\/wp-json\/wp\/v2\/types\/post"}],"author":[{"embeddable":true,"href":"https:\/\/www.sudoestehoje.com.br\/novoportal\/wp-json\/wp\/v2\/users\/2"}],"replies":[{"embeddable":true,"href":"https:\/\/www.sudoestehoje.com.br\/novoportal\/wp-json\/wp\/v2\/comments?post=11937"}],"version-history":[{"count":4,"href":"https:\/\/www.sudoestehoje.com.br\/novoportal\/wp-json\/wp\/v2\/posts\/11937\/revisions"}],"predecessor-version":[{"id":11940,"href":"https:\/\/www.sudoestehoje.com.br\/novoportal\/wp-json\/wp\/v2\/posts\/11937\/revisions\/11940"}],"wp:attachment":[{"href":"https:\/\/www.sudoestehoje.com.br\/novoportal\/wp-json\/wp\/v2\/media?parent=11937"}],"wp:term":[{"taxonomy":"category","embeddable":true,"href":"https:\/\/www.sudoestehoje.com.br\/novoportal\/wp-json\/wp\/v2\/categories?post=11937"},{"taxonomy":"post_tag","embeddable":true,"href":"https:\/\/www.sudoestehoje.com.br\/novoportal\/wp-json\/wp\/v2\/tags?post=11937"}],"curies":[{"name":"wp","href":"https:\/\/api.w.org\/{rel}","templated":true}]}}